{"id":299712,"date":"2006-01-28T23:00:00","date_gmt":"2006-01-28T22:00:00","guid":{"rendered":"https:\/\/www.focolare.org\/itil-dialogo-nella-fraternita-come-sfida-per-la-societa-di-domaniendialogue-in-the-spirit-of-brotherhood-a-challenge-to-the-society-of-tomorrowfr-le-dialogue-interreligieux-pour-former\/"},"modified":"2024-05-13T21:08:47","modified_gmt":"2024-05-13T19:08:47","slug":"itil-dialogo-nella-fraternita-come-sfida-per-la-societa-di-domaniendialogue-in-the-spirit-of-brotherhood-a-challenge-to-the-society-of-tomorrowfr-le-dialogue-interreligieux-pour-former","status":"publish","type":"post","link":"https:\/\/www.focolare.org\/pt-pt\/itil-dialogo-nella-fraternita-come-sfida-per-la-societa-di-domaniendialogue-in-the-spirit-of-brotherhood-a-challenge-to-the-society-of-tomorrowfr-le-dialogue-interreligieux-pour-former\/","title":{"rendered":"[:it]Il dialogo nella fraternit\u00e0 come sfida per la societ\u00e0 di domani[:en]Dialogue in the spirit of brotherhood: a challenge to the society of tomorrow[:fr]\u00ab Le dialogue interreligieux pour former l\u2019unit\u00e9 de la famille humaine \u00bb"},"content":{"rendered":"<\/p>\n","protected":false},"excerpt":{"rendered":"<p>Forum \u00e0 l\u2019initiative du Mouvement des Focolari en Belgique. Etaient pr\u00e9sents des chr\u00e9tiens, juifs, de nombreux musulmans et des repr\u00e9sentants d\u2019autres religions<\/p>\n","protected":false},"author":34,"featured_media":0,"comment_status":"open","ping_status":"open","sticky":false,"template":"","format":"standard","meta":{"give_campaign_id":0,"_seopress_robots_primary_cat":"","_seopress_titles_title":"","_seopress_titles_desc":"","_seopress_robots_index":"","_et_pb_use_builder":"","_et_pb_old_content":"","_et_gb_content_width":"","footnotes":""},"categories":[909],"tags":[],"class_list":["post-299712","post","type-post","status-publish","format-standard","hentry","category-focolare-worldwide-2-4"],"_links":{"self":[{"href":"https:\/\/www.focolare.org\/pt-pt\/wp-json\/wp\/v2\/posts\/299712","targetHints":{"allow":["GET"]}}],"collection":[{"href":"https:\/\/www.focolare.org\/pt-pt\/wp-json\/wp\/v2\/posts"}],"about":[{"href":"https:\/\/www.focolare.org\/pt-pt\/wp-json\/wp\/v2\/types\/post"}],"author":[{"embeddable":true,"href":"https:\/\/www.focolare.org\/pt-pt\/wp-json\/wp\/v2\/users\/34"}],"replies":[{"embeddable":true,"href":"https:\/\/www.focolare.org\/pt-pt\/wp-json\/wp\/v2\/comments?post=299712"}],"version-history":[{"count":0,"href":"https:\/\/www.focolare.org\/pt-pt\/wp-json\/wp\/v2\/posts\/299712\/revisions"}],"wp:attachment":[{"href":"https:\/\/www.focolare.org\/pt-pt\/wp-json\/wp\/v2\/media?parent=299712"}],"wp:term":[{"taxonomy":"category","embeddable":true,"href":"https:\/\/www.focolare.org\/pt-pt\/wp-json\/wp\/v2\/categories?post=299712"},{"taxonomy":"post_tag","embeddable":true,"href":"https:\/\/www.focolare.org\/pt-pt\/wp-json\/wp\/v2\/tags?post=299712"}],"curies":[{"name":"wp","href":"https:\/\/api.w.org\/{rel}","templated":true}]}}