{"id":299722,"date":"2006-02-09T23:00:00","date_gmt":"2006-02-09T22:00:00","guid":{"rendered":"https:\/\/www.focolare.org\/cristo-crucificado-e-abandonado-expressao-de-deus-amor-e-caminho-para-toda-a-humanidade\/"},"modified":"2024-05-13T21:08:48","modified_gmt":"2024-05-13T19:08:48","slug":"cristo-crucificado-e-abandonado-expressao-de-deus-amor-e-caminho-para-toda-a-humanidade","status":"publish","type":"post","link":"https:\/\/www.focolare.org\/pt-pt\/cristo-crucificado-e-abandonado-expressao-de-deus-amor-e-caminho-para-toda-a-humanidade\/","title":{"rendered":"\u201cCristo crucificado e abandonado, express\u00e3o de Deus-Amor e caminho para toda a humanidade\u201d"},"content":{"rendered":"<p>Bispos amigos do Movimento dos Focolares, se encontram em Castelgandolfo de 11 a 17 de fevereiro. Para esta 30a edi\u00e7\u00e3o do Congresso, s\u00e3o esperados cerca de cem participantes de todo o mundo.  Pela primeira vez, os bispos participantes destes congressos se encontrar\u00e3o com o Papa Bento XVI, por ocasi\u00e3o da Audi\u00eancia Geral da quarta feira, dia 15 de fevereiro.  O encontro, promovido pelo Cardeal Miloslav Vlk, Arcebispo de Praga, tem como ponto alto a Enc\u00edclica \u201cDeus caritas est\u201d, que ser\u00e1 aprofundada com um coment\u00e1rio especial do Cardeal Ennio Antonelli, Arcebispo de Floren\u00e7a.  Em conson\u00e2ncia com o pensamento de Bento XVI, o encontro centralizar\u00e1 o tema Jesus crucificado fonte e modelo de amor, salientando a dor do abandono, muito dif\u00edcil de entender, e ao mesmo tempo t\u00e3o perto do homem moderno, como ressalta Chiara Lubich com a Espiritualidade da Unidade.  Outros pontos de interesse ser\u00e3o a evangeliza\u00e7\u00e3o entre os jovens e a colabora\u00e7\u00e3o entre os novos movimentos eclesiais, tendo em vista a grande convoca\u00e7\u00e3o feita pelo Papa para o Pentecostes deste ano na Pra\u00e7a S. Pedro, os benef\u00edcios do ecumenismo espiritual, al\u00e9m dos testemunhos de vida dos bispos, sacerdotes e leigos.  As celebra\u00e7\u00f5es lit\u00fargicas, presididas cada dia por bispos de um continente diferente, ter\u00e3o import\u00e2ncia fundamental para a edifica\u00e7\u00e3o da comunh\u00e3o fraterna, que ter\u00e1 a inten\u00e7\u00e3o de reviver a atmosfera de Cen\u00e1culo, onde os ap\u00f3stolos se reuniam com Maria, a m\u00e3e do Senhor.  A experi\u00eancia desses \u00faltimos 30 anos foi, para os bispos, um est\u00edmulo a descobrir espa\u00e7os sempre novos de comunh\u00e3o e a percorrer com otimismo evang\u00e9lico, junto \u00e0s suas Comunidades Diocesanas, as vias do di\u00e1logo, para ser, em meio aos numerosos conflitos, fermento de reconcilia\u00e7\u00e3o e de paz.  O objetivo do congresso \u00e9 aprofundar a experi\u00eancia de partilha espiritual e de fraternidade entre os bispos, iniciada em 1977 pelo ent\u00e3o Bispo de Aquisgrana, Klaus Hemmerle, e imediatamente encorajada pelo Papa Paulo VI e depois pelo Papa Jo\u00e3o Paulo II. Atrav\u00e9s da Espiritualidade da Unidade, estes bispos querem praticar e promover aquela \u201cEspiritualidade de Comunh\u00e3o\u201d que o Papa Wojtila prop\u00f4s repetidamente ao Povo de Deus e em particular aos bispos.<\/p>\n","protected":false},"excerpt":{"rendered":"<p>30\u00b0 Congresso espiritual de Bispos amigos do Movimento dos Focolares<\/p>\n","protected":false},"author":34,"featured_media":0,"comment_status":"open","ping_status":"open","sticky":false,"template":"","format":"standard","meta":{"give_campaign_id":0,"_seopress_robots_primary_cat":"","_seopress_titles_title":"","_seopress_titles_desc":"","_seopress_robots_index":"","_et_pb_use_builder":"","_et_pb_old_content":"","_et_gb_content_width":"","footnotes":""},"categories":[129],"tags":[],"class_list":["post-299722","post","type-post","status-publish","format-standard","hentry","category-sem-categoria"],"_links":{"self":[{"href":"https:\/\/www.focolare.org\/pt-pt\/wp-json\/wp\/v2\/posts\/299722","targetHints":{"allow":["GET"]}}],"collection":[{"href":"https:\/\/www.focolare.org\/pt-pt\/wp-json\/wp\/v2\/posts"}],"about":[{"href":"https:\/\/www.focolare.org\/pt-pt\/wp-json\/wp\/v2\/types\/post"}],"author":[{"embeddable":true,"href":"https:\/\/www.focolare.org\/pt-pt\/wp-json\/wp\/v2\/users\/34"}],"replies":[{"embeddable":true,"href":"https:\/\/www.focolare.org\/pt-pt\/wp-json\/wp\/v2\/comments?post=299722"}],"version-history":[{"count":0,"href":"https:\/\/www.focolare.org\/pt-pt\/wp-json\/wp\/v2\/posts\/299722\/revisions"}],"wp:attachment":[{"href":"https:\/\/www.focolare.org\/pt-pt\/wp-json\/wp\/v2\/media?parent=299722"}],"wp:term":[{"taxonomy":"category","embeddable":true,"href":"https:\/\/www.focolare.org\/pt-pt\/wp-json\/wp\/v2\/categories?post=299722"},{"taxonomy":"post_tag","embeddable":true,"href":"https:\/\/www.focolare.org\/pt-pt\/wp-json\/wp\/v2\/tags?post=299722"}],"curies":[{"name":"wp","href":"https:\/\/api.w.org\/{rel}","templated":true}]}}