{"id":299762,"date":"2006-03-24T23:00:00","date_gmt":"2006-03-24T22:00:00","guid":{"rendered":"https:\/\/www.focolare.org\/it50-citta-nuova-citta-in-dialogo-citta-della-fraternitafr50-anniversaire-de-citta-nuova-villes-en-dialogue-villes-de-la-fraternite\/"},"modified":"2024-05-13T21:08:53","modified_gmt":"2024-05-13T19:08:53","slug":"it50-citta-nuova-citta-in-dialogo-citta-della-fraternitafr50-anniversaire-de-citta-nuova-villes-en-dialogue-villes-de-la-fraternite","status":"publish","type":"post","link":"https:\/\/www.focolare.org\/pt-pt\/it50-citta-nuova-citta-in-dialogo-citta-della-fraternitafr50-anniversaire-de-citta-nuova-villes-en-dialogue-villes-de-la-fraternite\/","title":{"rendered":"[:it]50\u00b0 Citt\u00e0 Nuova: citt\u00e0 in dialogo, citt\u00e0 della fraternit\u00e0[:fr]50\u00b0 anniversaire de Citt\u00e0 Nuova : villes en dialogue, villes de la fraternit\u00e9"},"content":{"rendered":"<\/p>\n","protected":false},"excerpt":{"rendered":"<p>Una proposta al centro degli appuntamenti nelle principali citt\u00e0 italiane promossi in occasione del 50\u00b0 del periodico di opinione dei Focolari. Tra le prime tappe, Milano e Roma.<\/p>\n","protected":false},"author":34,"featured_media":0,"comment_status":"open","ping_status":"open","sticky":false,"template":"","format":"standard","meta":{"give_campaign_id":0,"_seopress_robots_primary_cat":"","_seopress_titles_title":"","_seopress_titles_desc":"","_seopress_robots_index":"","_et_pb_use_builder":"","_et_pb_old_content":"","_et_gb_content_width":"","footnotes":""},"categories":[129],"tags":[],"class_list":["post-299762","post","type-post","status-publish","format-standard","hentry","category-sem-categoria"],"_links":{"self":[{"href":"https:\/\/www.focolare.org\/pt-pt\/wp-json\/wp\/v2\/posts\/299762","targetHints":{"allow":["GET"]}}],"collection":[{"href":"https:\/\/www.focolare.org\/pt-pt\/wp-json\/wp\/v2\/posts"}],"about":[{"href":"https:\/\/www.focolare.org\/pt-pt\/wp-json\/wp\/v2\/types\/post"}],"author":[{"embeddable":true,"href":"https:\/\/www.focolare.org\/pt-pt\/wp-json\/wp\/v2\/users\/34"}],"replies":[{"embeddable":true,"href":"https:\/\/www.focolare.org\/pt-pt\/wp-json\/wp\/v2\/comments?post=299762"}],"version-history":[{"count":0,"href":"https:\/\/www.focolare.org\/pt-pt\/wp-json\/wp\/v2\/posts\/299762\/revisions"}],"wp:attachment":[{"href":"https:\/\/www.focolare.org\/pt-pt\/wp-json\/wp\/v2\/media?parent=299762"}],"wp:term":[{"taxonomy":"category","embeddable":true,"href":"https:\/\/www.focolare.org\/pt-pt\/wp-json\/wp\/v2\/categories?post=299762"},{"taxonomy":"post_tag","embeddable":true,"href":"https:\/\/www.focolare.org\/pt-pt\/wp-json\/wp\/v2\/tags?post=299762"}],"curies":[{"name":"wp","href":"https:\/\/api.w.org\/{rel}","templated":true}]}}