{"id":299798,"date":"2006-05-22T22:00:00","date_gmt":"2006-05-22T20:00:00","guid":{"rendered":"https:\/\/www.focolare.org\/pentecostes-2006-papa-bento-xvi-encontra-movimentos-eclesiais-e-novas-comunidades\/"},"modified":"2024-05-13T21:08:57","modified_gmt":"2024-05-13T19:08:57","slug":"pentecostes-2006-papa-bento-xvi-encontra-movimentos-eclesiais-e-novas-comunidades","status":"publish","type":"post","link":"https:\/\/www.focolare.org\/pt-pt\/pentecostes-2006-papa-bento-xvi-encontra-movimentos-eclesiais-e-novas-comunidades\/","title":{"rendered":"Pentecostes 2006: Papa Bento XVI encontra movimentos eclesiais e novas comunidades"},"content":{"rendered":"<p><em>Mais de 100 Movimentos colaboram com o Pontif\u00edcio Concilio para os Leigos<\/em><\/p>\n<p><strong>O encontro com o Papa<\/strong> &#8211; Grande expectativa para o encontro dos movimentos eclesiais e novas comunidades de todo o mundo com o Papa Bento XVI na Pra\u00e7a S\u00e3o Pedro, durante \u00e0 Vig\u00edlia de Pentecostes de 2006 em continuidade \u00e0 inesquec\u00edvel experi\u00eancia de maio de 1998, quando centenas de milhares de pessoas ligadas a estas novas realidades eclesiais se encontraram pela primeira vez com o Papa Jo\u00e3o Paulo II.<\/p>\n<p><strong>O minist\u00e9rio de Bento XVI se desenvolve em continuidade com o de seu predecessor.<\/strong> Desde que teve in\u00edcio o grande florescimento de movimentos e comunidades, ligado ao Concilio Vaticano II, o ent\u00e3o cardeal Joseph Ratzinger reconhece a a\u00e7\u00e3o do Esp\u00edrito, que, atrav\u00e9s destas novas formas de agrega\u00e7\u00f5es leigas, permitiu a muitos fieis reviverem a alegria da jovialidade da Igreja.<\/p>\n<p><strong>Um Congresso mundial<\/strong> &#8211; Como j\u00e1 ocorreu em 1998, este grande encontro ser\u00e1 precedido de um Congresso Mundial de Movimentos Eclesiais e de Novas Comunidades, promovido pelo Pontif\u00edcio Concilio para os Leigos, com o mesmo t\u00edtulo do encontro com o Papa: \u201cA beleza de ser crist\u00e3o e a alegria de comunicar a vida crist\u00e3\u201d. Ser\u00e1 realizado em Rocca di Papa (Roma) de 31 de maio a 2 de junho e reunir\u00e1 mais de 300 convidados.<\/p>\n<p><strong>Vig\u00edlias de Ora\u00e7\u00e3o<\/strong> \u2013 Ser\u00e3o realizadas em 2 de junho em prepara\u00e7\u00e3o ao encontro com o Papa Bento XVI. A iniciativa tem por finalidade tornar \u201cvis\u00edvel\u201d a beleza da f\u00e9. Permitir\u00e1 que os diversos carismas exprimam a pr\u00f3pria originalidade num esp\u00edrito de comunh\u00e3o fraterna. As Vig\u00edlias ser\u00e3o abertas a todos os fi\u00e9is e peregrinos que delas desejarem participar e n\u00e3o somente aos participantes dos movimentos e comunidades que as organizaram. Tamb\u00e9m o Movimento dos Focolares realizar\u00e1 uma Vig\u00edlia na Igreja do Sagrado Cora\u00e7\u00e3o Imaculado de Maria, em Pariolli, \u00e0s 20:30 hs.<\/p>\n<p><strong>Um caminho de comunh\u00e3o<\/strong> &#8211; Os anos sucessivos \u00e0quela Vig\u00edlia de Pentecostes de 1998 foram caracterizados por um significativo incremento de rela\u00e7\u00f5es no esp\u00edrito de comunh\u00e3o, levando a um acentuado conhecimento rec\u00edproco e a uma maior conscientiza\u00e7\u00e3o do papel que estas diversas realidades da Igreja t\u00eam na obra da nova evangeliza\u00e7\u00e3o.<\/p>\n<p><strong>A prepara\u00e7\u00e3o do Pentecostes 2006<\/strong> &#8211; A partir da convoca\u00e7\u00e3o feita pelo Papa para a realiza\u00e7\u00e3o deste importante evento eclesial, iniciou-se uma intensa colabora\u00e7\u00e3o entre os respons\u00e1veis de cerca de 100 Movimentos e Comunidades e o Pontif\u00edcio Concilio para os Leigos.<\/p>\n<p><strong>Grandes peregrina\u00e7\u00f5es j\u00e1 s\u00e3o anunciadas<\/strong> \u2013 dezenas de milhares de participantes provenientes da It\u00e1lia e do exterior \u2013 das Comunidades Neo-catecumenais, Comunh\u00e3o e Liberta\u00e7\u00e3o, do Movimento dos Focolares e das v\u00e1rias realidades da Renova\u00e7\u00e3o Carism\u00e1tica Cat\u00f3lica. Tamb\u00e9m aderiram prontamente e estar\u00e3o presentes com seus respectivos peregrinos: Regnum Christi, os Cursilhos de Cristandade, a Comunidade de Santo Egidio, o Movimento de Sch\u00f6nstatt, o Movimento de Vida Crist\u00e3, a Comunidade Emmanuel, a Comunidade Papa Jo\u00e3o XXIII, o SERMIG, a Arca, F\u00e9 e Luz, a Comunidade Mission\u00e1ria de Villaregia, as Comunidades Leigas Marianas, as Equipes de Notre Dame, o FASTA, o Movimento Vivere In, a Obra de Nazareth, as Oficinas de Ora\u00e7\u00e3o e Vida, a Comunidade ADSIS e muitos outros ainda.<\/p>\n<p>\u00a0<\/p>\n","protected":false},"excerpt":{"rendered":"<p>\u201cA beleza de ser crist\u00e3o e a beleza de comunicar a vida crist\u00e3\u201d. 3 de junho de 2006, Vig\u00edlia de Pentecostes, na Pra\u00e7a S\u00e3o Pedro<\/p>\n","protected":false},"author":34,"featured_media":0,"comment_status":"open","ping_status":"open","sticky":false,"template":"","format":"standard","meta":{"give_campaign_id":0,"_seopress_robots_primary_cat":"","_seopress_titles_title":"","_seopress_titles_desc":"","_seopress_robots_index":"","_et_pb_use_builder":"","_et_pb_old_content":"","_et_gb_content_width":"","footnotes":""},"categories":[129],"tags":[],"class_list":["post-299798","post","type-post","status-publish","format-standard","hentry","category-sem-categoria"],"_links":{"self":[{"href":"https:\/\/www.focolare.org\/pt-pt\/wp-json\/wp\/v2\/posts\/299798","targetHints":{"allow":["GET"]}}],"collection":[{"href":"https:\/\/www.focolare.org\/pt-pt\/wp-json\/wp\/v2\/posts"}],"about":[{"href":"https:\/\/www.focolare.org\/pt-pt\/wp-json\/wp\/v2\/types\/post"}],"author":[{"embeddable":true,"href":"https:\/\/www.focolare.org\/pt-pt\/wp-json\/wp\/v2\/users\/34"}],"replies":[{"embeddable":true,"href":"https:\/\/www.focolare.org\/pt-pt\/wp-json\/wp\/v2\/comments?post=299798"}],"version-history":[{"count":0,"href":"https:\/\/www.focolare.org\/pt-pt\/wp-json\/wp\/v2\/posts\/299798\/revisions"}],"wp:attachment":[{"href":"https:\/\/www.focolare.org\/pt-pt\/wp-json\/wp\/v2\/media?parent=299798"}],"wp:term":[{"taxonomy":"category","embeddable":true,"href":"https:\/\/www.focolare.org\/pt-pt\/wp-json\/wp\/v2\/categories?post=299798"},{"taxonomy":"post_tag","embeddable":true,"href":"https:\/\/www.focolare.org\/pt-pt\/wp-json\/wp\/v2\/tags?post=299798"}],"curies":[{"name":"wp","href":"https:\/\/api.w.org\/{rel}","templated":true}]}}