{"id":299808,"date":"2006-06-30T22:00:00","date_gmt":"2006-06-30T20:00:00","guid":{"rendered":"https:\/\/www.focolare.org\/julho-2006\/"},"modified":"2024-05-13T21:08:58","modified_gmt":"2024-05-13T19:08:58","slug":"julho-2006","status":"publish","type":"post","link":"https:\/\/www.focolare.org\/pt-pt\/julho-2006\/","title":{"rendered":"Julho 2006"},"content":{"rendered":"<p>O abra\u00e7o de Deus \u00e9 universal. Envolve o universo e est\u00e1 atento \u00e0 menor das suas criaturas. O poema (o Salmo) de onde foi tirada esta Palavra de Vida \u00e9 todo um hino a ele, \u201cgrande no amor\u201d, que se inclina para cada ser vivente, atra\u00eddo por suas necessidades.<br \/>Toda criatura se apresenta em atitude de invoca\u00e7\u00e3o: precisa do alimento e, com ele, do necess\u00e1rio para a sua subsist\u00eancia, e Deus abre a sua m\u00e3o com generosidade. Ele cuida de cada um, protege quem \u00e9 fraco e est\u00e1 em perigo1, reconduz ao caminho seguro quem perdeu o rumo.<\/p>\n<p class=\"RipPdv\">\u00abO Senhor est\u00e1 perto de todos os que o invocam, dos que o invocam de cora\u00e7\u00e3o sincero\u00bb <\/p>\n<p>Ele n\u00e3o \u00e9 um Deus ausente, distante, indiferente aos destinos da humanidade, ao destino de cada um de n\u00f3s. Muitas vezes j\u00e1 tivemos ocasi\u00e3o de constat\u00e1-lo. Mas tamb\u00e9m \u00e9 verdade que, em outros momentos, temos a impress\u00e3o de que ele est\u00e1 imensamente distante de n\u00f3s e nos sentimos desamparados, inseguros, perdidos diante de situa\u00e7\u00f5es que nos parecem estar acima de nossas for\u00e7as.<br \/>E ent\u00e3o, muitas vezes v\u00eam \u00e0 tona a rebeli\u00e3o ou sentimentos de antipatia \u2013 quando n\u00e3o de \u00f3dio \u2013 para com algum dos nossos irm\u00e3os ou irm\u00e3s. E come\u00e7am a nos pesar na alma certas situa\u00e7\u00f5es que h\u00e1 anos se arrastam na fam\u00edlia ou na comunidade de trabalho: pequenas ou grandes desconfian\u00e7as, ci\u00fames, invejas, atitudes autorit\u00e1rias. Ou ent\u00e3o, sentimo-nos sufocados por um mundo que nos pode parecer repleto de velhas paix\u00f5es e carreirismos, empobrecido de ideais, de justi\u00e7a e de esperan\u00e7a.<br \/>E o nosso cora\u00e7\u00e3o parece gritar: \u201cSenhor, onde est\u00e1s?\u201d \u201cTu me amas de verdade? Tu nos amas de verdade? Mas ent\u00e3o, por que tudo isso?\u201d<br \/>\u00c9 quando a Palavra de Vida reaviva uma certeza: nunca estamos sozinhos na nossa aventura humana.<\/p>\n<p class=\"RipPdv\">\u00abO Senhor est\u00e1 perto de todos os que o invocam, dos que o invocam de cora\u00e7\u00e3o sincero\u00bb <\/p>\n<p>\u00c9 um convite a reavivar a f\u00e9: Deus existe e me ama. Isso eu posso e devo reafirmar em cada a\u00e7\u00e3o, diante de cada acontecimento: Deus me ama. Encontro uma pessoa? Devo acreditar que, atrav\u00e9s dela, Ele tem algo a me dizer. Estou me dedicando a um trabalho? Naquele momento continuo a crer no Seu amor. Aparece um sofrimento? Continuo a ter f\u00e9 que Deus me ama. Aparece uma alegria? Deus me ama.<br \/>Ele est\u00e1 comigo aqui, est\u00e1 sempre comigo, sabe tudo sobre mim e partilha cada pensamento meu, cada alegria, cada desejo; divide comigo toda preocupa\u00e7\u00e3o, toda prova\u00e7\u00e3o da minha vida.<\/p>\n<p class=\"RipPdv\">\u00abO Senhor est\u00e1 perto de todos os que o invocam, dos que o invocam de cora\u00e7\u00e3o sincero\u00bb <\/p>\n<p>Como podemos reavivar esta certeza? Eis algumas sugest\u00f5es.<br \/>Ele mesmo diz: invocando-o! Jesus estava na barca de Pedro quando desabou a tempestade; apesar disso os disc\u00edpulos se sentiram s\u00f3s e indefesos, porque ele dormia. Eles o acordaram: \u201cSenhor, salva-nos, estamos perecendo\u201d2 e ele acalmou o vento e as \u00e1guas.<br \/>O pr\u00f3prio Jesus, na cruz, n\u00e3o sentiu mais a proximidade do Pai. Ele o invocou com a ora\u00e7\u00e3o mais angustiada: \u201cMeu Deus, meu Deus, por que me abandonaste?3 Mas ele acreditou no Seu amor, abandonando-se novamente ao Pai, que o ressuscitou da morte.<\/p>\n<p>De que outro modo podemos reavivar a f\u00e9 na sua presen\u00e7a?<br \/>Procurando-o entre n\u00f3s. Jesus prometeu estar l\u00e1 onde dois ou mais estiverem unidos em seu nome4. Ent\u00e3o, na atitude de amor m\u00fatuo que o Evangelho ensina, encontremo-nos com aqueles que vivem a Palavra de Vida, partilhemos as experi\u00eancias e perceberemos os frutos desta sua presen\u00e7a: alegria, paz, luz, coragem.<br \/>Ele permanecer\u00e1 junto a cada um de n\u00f3s e o sentiremos continuamente perto e atuante na nossa vida de cada dia.<\/p>\n<p><em>Chiara Lubich<\/em><\/p>\n<p>&nbsp;<\/p>\n<p>&nbsp;<\/p>\n","protected":false},"excerpt":{"rendered":"<p>\u00abO Senhor est\u00e1 perto de todos os que o invocam, dos que o invocam de cora\u00e7\u00e3o sincero\u00bb (Sl 145 [144],18)<\/p>\n","protected":false},"author":34,"featured_media":0,"comment_status":"open","ping_status":"open","sticky":false,"template":"","format":"standard","meta":{"give_campaign_id":0,"_seopress_robots_primary_cat":"","_seopress_titles_title":"","_seopress_titles_desc":"","_seopress_robots_index":"","_et_pb_use_builder":"","_et_pb_old_content":"","_et_gb_content_width":"","footnotes":""},"categories":[3160,129],"tags":[],"class_list":["post-299808","post","type-post","status-publish","format-standard","hentry","category-palavra-de-vida-pt-pt","category-sem-categoria"],"_links":{"self":[{"href":"https:\/\/www.focolare.org\/pt-pt\/wp-json\/wp\/v2\/posts\/299808","targetHints":{"allow":["GET"]}}],"collection":[{"href":"https:\/\/www.focolare.org\/pt-pt\/wp-json\/wp\/v2\/posts"}],"about":[{"href":"https:\/\/www.focolare.org\/pt-pt\/wp-json\/wp\/v2\/types\/post"}],"author":[{"embeddable":true,"href":"https:\/\/www.focolare.org\/pt-pt\/wp-json\/wp\/v2\/users\/34"}],"replies":[{"embeddable":true,"href":"https:\/\/www.focolare.org\/pt-pt\/wp-json\/wp\/v2\/comments?post=299808"}],"version-history":[{"count":0,"href":"https:\/\/www.focolare.org\/pt-pt\/wp-json\/wp\/v2\/posts\/299808\/revisions"}],"wp:attachment":[{"href":"https:\/\/www.focolare.org\/pt-pt\/wp-json\/wp\/v2\/media?parent=299808"}],"wp:term":[{"taxonomy":"category","embeddable":true,"href":"https:\/\/www.focolare.org\/pt-pt\/wp-json\/wp\/v2\/categories?post=299808"},{"taxonomy":"post_tag","embeddable":true,"href":"https:\/\/www.focolare.org\/pt-pt\/wp-json\/wp\/v2\/tags?post=299808"}],"curies":[{"name":"wp","href":"https:\/\/api.w.org\/{rel}","templated":true}]}}