{"id":299824,"date":"2006-08-20T20:00:00","date_gmt":"2006-08-20T18:00:00","guid":{"rendered":"https:\/\/www.focolare.org\/cardeal-willebrands-incansavel-pastor-da-unidade\/"},"modified":"2024-05-13T21:09:00","modified_gmt":"2024-05-13T19:09:00","slug":"cardeal-willebrands-incansavel-pastor-da-unidade","status":"publish","type":"post","link":"https:\/\/www.focolare.org\/pt-pt\/cardeal-willebrands-incansavel-pastor-da-unidade\/","title":{"rendered":"Cardeal Willebrands &#8211; \u201cIncans\u00e1vel Pastor da Unidade\u201d"},"content":{"rendered":"<p>\u00a0<em>\u00a0\u00a0\u00a0\u00a0 \u201cO amor que Cristo pediu a Pedro n\u00e3o \u00e9 limitado somente a um grupo de pessoas ou \u00e0 Igreja Cat\u00f3lica. Todos somos pequenas ovelhas e \u00e9 um grande sofrimento quando uma fam\u00edlia est\u00e1 dividida. Por isso o amor de Cristo, que pede antes de tudo a Unidade, \u00e9 dirigido a todos os crist\u00e3os. Foi neste esp\u00edrito que compreendi este meu novo empenho e o desenvolvi com todo o cora\u00e7\u00e3o e com todas as for\u00e7as que Deus me deu: espirituais e materiais. O Senhor me aben\u00e7oou e sou profundamente grato a ele por ter se servido da minha vida, durante todos esses anos, para edificar a Sua Igreja\u201d. <\/em> \u00a0\u00a0\u00a0\u00a0 Este \u00e9 o testemunho do Cardeal Johannes Willebrands, em entrevista \u00e0 Radio Vaticana em 1989, com a idade de 80 anos, no momento em que se despedia, em virtude de sua idade avan\u00e7ada, do cargo de Presidente do Pontif\u00edcio Conselho para a Promo\u00e7\u00e3o da Unidade entre os Crist\u00e3os, depois de ter atuado por 20 anos.  \u00a0\u00a0\u00a0\u00a0 <em>\u201cUm pastor incans\u00e1vel a servi\u00e7o do Povo de Deus e da Unidade da Igreja\u201d<\/em>\u00a0 que deu <em>\u201cum novo impulso ao di\u00e1logo ecum\u00eanico\u201d.<\/em> Assim se manifestou o Papa Bento XVI, no telegrama de condol\u00eancias pelo falecimento do Cardeal Willebrands em 2 de agosto pr\u00f3ximo passado. Na ocasi\u00e3o, o Papa tamb\u00e9m agradeceu a Deus pela vida do Cardeal Willebrands, que tinha 97 anos. O seu empenho a servi\u00e7o do ecumenismo iniciou-se em 1951, dez anos antes do Concilio Vaticano II.  \u00c9 viva a gratid\u00e3o do Movimento dos Focolares: o Cardeal Willebrands acompanhou e encorajou, com a sua sabedoria e prud\u00eancia, o desenvolvimento ecum\u00eanico do Movimento desde os anos 60.  S\u00edntese da biografia do Cardeal Willebrands  Nasceu em 1909 em Bovenkarspel, nos Pa\u00edses Baixos. Docente em Filosofia e depois Reitor do Semin\u00e1rio Maior de Warmond, na Holanda, mostra rapidamente um grande interesse pela causa da uni\u00e3o dos crist\u00e3os, organizando, em 1951, a Confer\u00eancia Cat\u00f3lica para as quest\u00f5es ecum\u00eanicas. Em 1958, o Episcopado holand\u00eas o nomeia Delegado das atividades ecum\u00eanicas e dois anos mais tarde, Jo\u00e3o XXIII o nomeia Secret\u00e1rio do rec\u00e9m constitu\u00eddo Secretariado para a Uni\u00e3o dos Crist\u00e3os, que durante os trabalhos do Concilio Vaticano II se encarregou \u2013 sob a dire\u00e7\u00e3o do Cardeal Bea \u2013 da prepara\u00e7\u00e3o dos documentos relativos ao ecumenismo, \u00e0 liberdade religiosa e aos relacionamentos com religi\u00f5es n\u00e3o crist\u00e3s.  Consagrado bispo em 1964, promove um grande n\u00famero de iniciativas para tornar mais forte o di\u00e1logo entre a Igreja Cat\u00f3lica e as outras Igrejas crist\u00e3s, entrando em contato, principalmente, com os ortodoxos, anglicanos e luteranos. Em 1969, sucedendo o Cardeal Bea, Paulo VI o nomeia Presidente do Secretariado para a Uni\u00e3o dos Crist\u00e3os (depois denominado Pontif\u00edcio Conselho para a Promo\u00e7\u00e3o da Unidade dos Crist\u00e3os), e pouco depois \u00e9 nomeado cardeal.  O testemunho dos irm\u00e3os das v\u00e1rias Igrejas\u00a0  Entre os numerosos testemunhos dos nossos irm\u00e3os das v\u00e1rias Igrejas, recordamos um epis\u00f3dio significativo do qual \u00e9 testemunha o pastor evang\u00e9lico alem\u00e3o Dieter F\u00fcrst. Em 1986, recordando um encontro do Cardeal Willebrands com um grupo de evang\u00e9licos do Centro Uno, Centro ecum\u00eanico do Movimento dos Focolares, em Roma, o pastor F\u00fcrst conta que, antes de encontrar o cardeal, tinham o \u201ctemor que a grande e poderosa Igreja Cat\u00f3lica quisesse esmagar a pequena e fr\u00e1gil Igreja Evang\u00e9lica\u201d. O Pastor acrescentou que entre os participantes deste Encontro havia representantes das Igrejas Livres, os quais sentiam fortemente aquele temor. Mas a palavra do Cardeal Willebrands foi t\u00e3o paterna, t\u00e3o plena do Esp\u00edrito Santo que suscitou um imediato entusiasmo naqueles irm\u00e3os: \u201co Cardeal mostrou a Igreja e a cristandade numa dimens\u00e3o muito mais ampla daquela que hav\u00edamos visto antes.\u201d<\/p>\n","protected":false},"excerpt":{"rendered":"<p>A gratid\u00e3o do Movimento dos Focolares<\/p>\n","protected":false},"author":34,"featured_media":0,"comment_status":"open","ping_status":"open","sticky":false,"template":"","format":"standard","meta":{"give_campaign_id":0,"_seopress_robots_primary_cat":"","_seopress_titles_title":"","_seopress_titles_desc":"","_seopress_robots_index":"","_et_pb_use_builder":"","_et_pb_old_content":"","_et_gb_content_width":"","footnotes":""},"categories":[129],"tags":[],"class_list":["post-299824","post","type-post","status-publish","format-standard","hentry","category-sem-categoria"],"_links":{"self":[{"href":"https:\/\/www.focolare.org\/pt-pt\/wp-json\/wp\/v2\/posts\/299824","targetHints":{"allow":["GET"]}}],"collection":[{"href":"https:\/\/www.focolare.org\/pt-pt\/wp-json\/wp\/v2\/posts"}],"about":[{"href":"https:\/\/www.focolare.org\/pt-pt\/wp-json\/wp\/v2\/types\/post"}],"author":[{"embeddable":true,"href":"https:\/\/www.focolare.org\/pt-pt\/wp-json\/wp\/v2\/users\/34"}],"replies":[{"embeddable":true,"href":"https:\/\/www.focolare.org\/pt-pt\/wp-json\/wp\/v2\/comments?post=299824"}],"version-history":[{"count":0,"href":"https:\/\/www.focolare.org\/pt-pt\/wp-json\/wp\/v2\/posts\/299824\/revisions"}],"wp:attachment":[{"href":"https:\/\/www.focolare.org\/pt-pt\/wp-json\/wp\/v2\/media?parent=299824"}],"wp:term":[{"taxonomy":"category","embeddable":true,"href":"https:\/\/www.focolare.org\/pt-pt\/wp-json\/wp\/v2\/categories?post=299824"},{"taxonomy":"post_tag","embeddable":true,"href":"https:\/\/www.focolare.org\/pt-pt\/wp-json\/wp\/v2\/tags?post=299824"}],"curies":[{"name":"wp","href":"https:\/\/api.w.org\/{rel}","templated":true}]}}