{"id":299846,"date":"2006-09-15T22:00:00","date_gmt":"2006-09-15T20:00:00","guid":{"rendered":"https:\/\/www.focolare.org\/a-nossa-resposta-a-noite-cultural-coletiva-de-hoje\/"},"modified":"2024-05-13T21:09:14","modified_gmt":"2024-05-13T19:09:14","slug":"a-nossa-resposta-a-noite-cultural-coletiva-de-hoje","status":"publish","type":"post","link":"https:\/\/www.focolare.org\/pt-pt\/a-nossa-resposta-a-noite-cultural-coletiva-de-hoje\/","title":{"rendered":"\u201cA nossa resposta \u00e0 noite cultural coletiva de hoje\u201d"},"content":{"rendered":"<p>\u201cNo mundo, marcado hoje por tens\u00f5es dram\u00e1ticas, o Movimento dos Focolares deseja, com esta iniciativa, propor a fraternidade como poss\u00edvel caminho a percorrer para chegar \u00e0 paz\u201d. No SportArena de Budapeste, lotado por mais de 11.000 pessoas, provenientes de 92 pa\u00edses, uma mensagem do Papa Bento XVI, lida pelo cardeal Peter Erd\u00f5, arcebispo de Budapeste e Primaz da Hungria, abriu a grande manifesta\u00e7\u00e3o que, com id\u00e9ias, experi\u00eancias e iniciativas concretas, prop\u00f5e a fraternidade como resposta aos muitos desafios atuais. O Papa encoraja a \u201cprosseguir a obra realizada at\u00e9 aqui, com numerosos frutos, atuando o Evangelho do Amor na realidade de cada dia\u201d.  <strong>No moderno gin\u00e1sio estavam presentes seguidores de v\u00e1rias religi\u00f5es<\/strong>, entre as quais um numeroso grupo de mu\u00e7ulmanos provenientes da Arg\u00e9lia, crist\u00e3os de diversas denomina\u00e7\u00f5es e membros de 13 movimentos e novas comunidades cat\u00f3licas, personalidades civis e religiosas, como o vice-presidente do Parlamento h\u00fangaro, Peter Harrach. Este evento deu prosseguimento ao Congresso que reuniu na capital da Hungria mais de 9.000 \u201cvolunt\u00e1rios de Deus\u201d, ramifica\u00e7\u00e3o do Movimento dos Focolares, comprometidos com a renova\u00e7\u00e3o da sociedade, por ocasi\u00e3o do 50\u00ba anivers\u00e1rio de seu nascimento, em resposta aos tr\u00e1gicos \u201ceventos de Budapeste\u201d.  <strong>Ap\u00f3s 50 anos daqueles acontecimentos, a fundadora dos Focolares faz uma leitura da situa\u00e7\u00e3o mundial atual<\/strong>: perscrutando os sinais de uma humanidade envolvida por uma \u201cnoite escura cultural coletiva\u201d. Na mensagem, lida por uma de suas primeiras companheiras, Val\u00e9ria Ronchetti, Chiara Lubich fala de \u201cuma noite que cada vez mais cai sobre a humanidade, especialmente no Ocidente\u201d, onde predomina o relativismo e a \u00e9tica j\u00e1 n\u00e3o \u00e9 capaz de governar o ritmo vertiginoso das descobertas cient\u00edficas e tecnol\u00f3gicas. Um Ocidente que busca \u201cid\u00e9ias fortes, um ideal que abra um caminho para dar uma resposta \u00e0s numerosas e angustiantes perguntas, que mostre uma luz a seguir\u201d.  Citando Jo\u00e3o Paulo II, Chiara indica esse caminho no \u201cdrama de um Deus que grita: \u2018meu Deus, meu Deus, porque me abandonaste?\u2019. \u00c9 a sua paix\u00e3o interior, \u00e9 a sua noite mais tenebrosa, \u00e9 o cume de seus sofrimentos\u201d. Um drama que abre perspectivas de luz: \u201cSe conseguimos divisar nele cada sofrimento, se o amamos, dirigindo-nos ao Pai, como Jesus sobre a cruz, \u2018nas Tuas m\u00e3os, Senhor, entrego o meu esp\u00edrito\u2019 (Lc. 23,46), ent\u00e3o, com Ele, a noite ser\u00e1 um passado, a luz nos iluminar\u00e1\u201d. \u201cO Movimento \u2013 acrescentou \u2013 traz consigo uma experi\u00eancia riqu\u00edssima, que nestes anos teve novos desenvolvimentos\u201d.  <strong><img decoding=\"async\" src=\"http:\/\/ldap.focolare.org\/layout\/foto2006\/060916-01.jpg\" alt=\"\" align=\"right\" border=\"0\" hspace=\"5\" vspace=\"5\" \/>Chiara fala de \u201cinunda\u00e7\u00f5es de luz\u201d<\/strong> \u2013 para usar um termo de Jo\u00e3o Cris\u00f3stomo, grande Padre da Igreja \u2013 que iluminam os v\u00e1rios aspectos da cultura atual, fruto do di\u00e1logo entre a sabedoria, oferecida pelo carisma da unidade, e os diversos \u00e2mbitos do conhecimento e do viver humano, que j\u00e1 h\u00e1 algum tempo o Movimento dos Focolares est\u00e1 entabulando: da pol\u00edtica \u00e0 ecologia, da comunica\u00e7\u00e3o \u00e0 sa\u00fade, do direito \u00e0 economia.  Desenvolvimento suscitado pela a\u00e7\u00e3o do Esp\u00edrito, que \u201cjustamente neste tempo foi generoso, irrompendo na fam\u00edlia humana com v\u00e1rios carismas, dos quais nasceram movimentos, correntes espirituais, novas comunidades, novas obras\u201d.  <strong>N\u00e3o \u00e9 uma novidade que \u201cexperi\u00eancias civis e econ\u00f4micas tenham origem em correntes espirituais nascidas de carismas.<\/strong> A hist\u00f3ria da humanidade \u00e9 constelada por tais experi\u00eancias\u201d. Assim afirmou Luigino Bruni, docente de economia pol\u00edtica da Universidade dos Estudos de Mil\u00e3o Bicocca (It\u00e1lia), introduzindo a primeira das quatro mesas redondas que analisaram os desafios colocados pela economia, justi\u00e7a, comunica\u00e7\u00e3o e pol\u00edtica. Diante do \u201cesc\u00e2ndalo de um mundo feito de arranha-c\u00e9us luxuosos e barracos desumanos\u201d, durante uma viagem de Chiara Lubich a S\u00e3o Paulo, no Brasil, em 1991, acende-se a \u201ccentelha inspiradora daquela que logo foi chamada Economia de Comunh\u00e3o\u201d. Centenas de \u201cempresas modernas e eficientes, que operam no interior da economia de mercado\u201d, tornam-se as protagonistas, fazendo nascer, inclusive, p\u00f3los industriais. A novidade: destinam os lucros para o crescimento da empresa e, portanto, para a gera\u00e7\u00e3o de empregos, para formar homens novos, aptos a esta nova cultura, para auxiliar quem se encontra em situa\u00e7\u00f5es de necessidades imediatas. E n\u00e3o s\u00f3. Todo o \u201cestilo do agir econ\u00f4mico e da gest\u00e3o empresarial \u00e9 inspirado na comunh\u00e3o\u201d. Objetivo: que n\u00e3o exista mais nenhum necessitado.  \u201cUma novidade de vida, mas tamb\u00e9m de pensamento, novidade doutrinal\u201d. Sobre isso falou Kelen Leite, do Brasil, jovem pesquisadora, uma entre os 200 jovens que publicaram teses e disserta\u00e7\u00f5es sobre a Economia de Comunh\u00e3o. \u201cE agora \u2013 afirmou \u2013 algumas universidades ensinam esta mat\u00e9ria, ao lado dos novos modelos de economia social e civil\u201d.  <strong>Comprovando com fatos<\/strong>: durante a grave crise econ\u00f4mica que abalou toda a \u00c1sia, em 1997, um banco rural filipino, nascido para sustentar os agricultores e gerenciado segundo os crit\u00e9rios da EdC, n\u00e3o apenas conseguiu sobreviver, mas ousou atuar um projeto de micro-cr\u00e9dito ou empr\u00e9stimos aos pobres, sem nenhuma garantia. Nasceu uma nova Ag\u00eancia de Cr\u00e9dito, at\u00e9 hoje promissora. \u00c9 o testemunho de Tess e Francis Ganzon, do Conselho de Administra\u00e7\u00e3o do Banco Kabayan.  <strong><img decoding=\"async\" src=\"http:\/\/ldap.focolare.org\/layout\/fotodefault\/060914-05.jpg\" alt=\"\" align=\"left\" border=\"0\" hspace=\"5\" vspace=\"5\" \/>O projeto \u201cFraternidade com a \u00c1frica\u201d<\/strong> \u2013 Uma possibilidade aberta a todos para contribuir com uma nova economia. O projeto, apresentado na conclus\u00e3o da manh\u00e3, tem o objetivo de aumentar os recursos humanos e profissionais na \u00c1frica, para que sejam os pr\u00f3prios africanos os promotores do desenvolvimento social e cultural de seus pa\u00edses. A jovens e adultos africanos, que n\u00e3o possuem meios, ser\u00e3o entregues bolsas de estudo de n\u00edvel universit\u00e1rio ou para cursos de especializa\u00e7\u00e3o profissional: os que usufru\u00edrem desses benef\u00edcios assumir\u00e3o o compromisso de trabalhar, ao final do curso, pelo menos por um per\u00edodo no pr\u00f3prio pa\u00eds.  \u00c0 tarde foram apresentados outros desafios tr\u00eas desafios colocados pelos mundos da justi\u00e7a, comunica\u00e7\u00e3o e pol\u00edtica.<\/p>\n","protected":false},"excerpt":{"rendered":"<p>Mensagem de Chiara Lubich \u00e0 manifesta\u00e7\u00e3o de Budapeste. O encorajamento do Papa aos \u201cvolunt\u00e1rios\u201d para continuarem a concretizar o Evangelho do Amor<\/p>\n","protected":false},"author":34,"featured_media":0,"comment_status":"open","ping_status":"open","sticky":false,"template":"","format":"standard","meta":{"give_campaign_id":0,"_seopress_robots_primary_cat":"","_seopress_titles_title":"","_seopress_titles_desc":"","_seopress_robots_index":"","_et_pb_use_builder":"","_et_pb_old_content":"","_et_gb_content_width":"","footnotes":""},"categories":[909],"tags":[],"class_list":["post-299846","post","type-post","status-publish","format-standard","hentry","category-focolare-worldwide-2-4"],"_links":{"self":[{"href":"https:\/\/www.focolare.org\/pt-pt\/wp-json\/wp\/v2\/posts\/299846","targetHints":{"allow":["GET"]}}],"collection":[{"href":"https:\/\/www.focolare.org\/pt-pt\/wp-json\/wp\/v2\/posts"}],"about":[{"href":"https:\/\/www.focolare.org\/pt-pt\/wp-json\/wp\/v2\/types\/post"}],"author":[{"embeddable":true,"href":"https:\/\/www.focolare.org\/pt-pt\/wp-json\/wp\/v2\/users\/34"}],"replies":[{"embeddable":true,"href":"https:\/\/www.focolare.org\/pt-pt\/wp-json\/wp\/v2\/comments?post=299846"}],"version-history":[{"count":0,"href":"https:\/\/www.focolare.org\/pt-pt\/wp-json\/wp\/v2\/posts\/299846\/revisions"}],"wp:attachment":[{"href":"https:\/\/www.focolare.org\/pt-pt\/wp-json\/wp\/v2\/media?parent=299846"}],"wp:term":[{"taxonomy":"category","embeddable":true,"href":"https:\/\/www.focolare.org\/pt-pt\/wp-json\/wp\/v2\/categories?post=299846"},{"taxonomy":"post_tag","embeddable":true,"href":"https:\/\/www.focolare.org\/pt-pt\/wp-json\/wp\/v2\/tags?post=299846"}],"curies":[{"name":"wp","href":"https:\/\/api.w.org\/{rel}","templated":true}]}}