{"id":299848,"date":"2006-09-17T22:00:00","date_gmt":"2006-09-17T20:00:00","guid":{"rendered":"https:\/\/www.focolare.org\/encontro-marcado-em-2009-muitas-cidades-unidas-para-um-mundo-unido\/"},"modified":"2024-05-13T21:09:14","modified_gmt":"2024-05-13T19:09:14","slug":"encontro-marcado-em-2009-muitas-cidades-unidas-para-um-mundo-unido","status":"publish","type":"post","link":"https:\/\/www.focolare.org\/pt-pt\/encontro-marcado-em-2009-muitas-cidades-unidas-para-um-mundo-unido\/","title":{"rendered":"Encontro marcado em 2009: \u201cMuitas cidades unidas para um mundo unido\u201d"},"content":{"rendered":"<p><strong><img decoding=\"async\" src=\"\/layout\/fotodefault\/060917-05.jpg\" alt=\"\" align=\"right\" border=\"0\" hspace=\"5\" vspace=\"5\" \/>A\u00a0grande manifesta\u00e7\u00e3o em Budapeste foi conclu\u00edda com um mandato comprometedor, projetado ao futuro<\/strong>: <em>\u201cAgora o desafio chega a cada um de n\u00f3s: os nossos pa\u00edses, as nossas cidades nos esperam!\u201d.<\/em> Val\u00e9ria Ronchetti e Giuseppe Di Giacomo, estreitos colaboradores da fundadora dos Focolares, anunciaram: <em>\u201cChiara Lubich teve uma id\u00e9ia: porque n\u00e3o coligar todas as nossas cidades em uma rede que mostre os fragmentos de fraternidade j\u00e1 realizados, daqui a tr\u00eas anos, num dia marcado em 2009?\u201d.<\/em> Tal manifesta\u00e7\u00e3o j\u00e1 tem um t\u00edtulo: <em>\u201cMuitas cidades unidas rumo a um mundo unido\u201d.<\/em> A proposta foi acolhida com grande entusiasmo.  <strong>Um novo cen\u00e1rio se descortinou<\/strong> durante o encontro de Budapeste, ap\u00f3s mostrar o impacto inovador trazido pela fraternidade ao mundo econ\u00f4mico (apresentado na parte da manh\u00e3) e as tentativas de resposta aos desafios impostos pela comunica\u00e7\u00e3o, pela t\u00e3o difundida chaga da ilegalidade e da corrup\u00e7\u00e3o, pela crise da pol\u00edtica (na segunda metade do dia).  <strong>A fraternidade como ant\u00eddoto para a pr\u00e1tica da ilegalidade e da corrup\u00e7\u00e3o<\/strong> foi o ponto central da mesa redonda dedicada ao <strong>direito<\/strong>. Sim\u00e3o Borg, professor de direito internacional na Universidade de Lovanio, na B\u00e9lgica, falou sobre a justi\u00e7a entendida n\u00e3o apenas como repress\u00e3o. O sentido da fraternidade \u2013 ele afirmou \u2013 chama a apossar-se das situa\u00e7\u00f5es de sofrimento social, trabalhar para a elimina\u00e7\u00e3o de suas causas, n\u00e3o calar diante das injusti\u00e7as. Caminhos n\u00e3o f\u00e1ceis, mas poss\u00edveis de serem percorridos, como demonstrou Marisa Gentiletti, argentina, diplomada, m\u00e3e de dois filhos, que teve o neto de 8 anos desaparecido. Num pa\u00eds marcado por uma aus\u00eancia de legalidade que n\u00e3o garante uma interven\u00e7\u00e3o imediata da pol\u00edcia, Marisa mobilizou uma grande campanha de conscientiza\u00e7\u00e3o e iniciativas concretas em defesa dos menores, que investiu a opini\u00e3o p\u00fablica, institui\u00e7\u00f5es e pol\u00edcia.  <strong>Comunica\u00e7\u00e3o.<\/strong> Neste campo crucial a fraternidade significa um modelo de comunica\u00e7\u00e3o que tem como objetivo o mundo unido. O pressuposto \u00e9 o valor da dignidade humana, o m\u00e9todo \u00e9 o di\u00e1logo, a regra \u00e9 o amor que pode transformar radicalmente a comunica\u00e7\u00e3o. Foram estas algumas das linhas tra\u00e7adas por Manuel Bru, professor da Universidade San Pablo \u2013 CEU, de Madri, Espanha. Entre as aplica\u00e7\u00f5es neste campo, Geert Vanoverschelde, belga, um dos respons\u00e1veis por uma importante empresa de produ\u00e7\u00e3o televisiva, mostrou como \u00e9 poss\u00edvel unir qualidade, programas positivos e sucesso de audi\u00eancia.  <strong>A fraternidade abre um novo horizonte inclusive ao mundo da pol\u00edtica<\/strong>. Esta \u00e9 a experi\u00eancia do Movimento Pol\u00edtico pela Unidade (MPPU), hoje presente em 15 pa\u00edses, definido como \u201cum laborat\u00f3rio internacional de trabalho pol\u00edtico comum, entre cidad\u00e3os, funcion\u00e1rios, estudiosos, pol\u00edticos empenhados em v\u00e1rios n\u00edveis, de aspira\u00e7\u00f5es e partidos diferentes, que colocam a fraternidade como alicerce de suas vidas\u201d. Lucia Fronza Crepaz, ex-deputada no parlamento italiano e presidente do MPPU, ilustra os seus objetivos e concretiza\u00e7\u00f5es. Particularmente relevante, entre os diversos depoimentos, o de C\u00e9sar Romero, consultor de programas de desenvolvimento para os agricultores, no Paraguai, empenhado contra as fortes desigualdades sociais. Com o Movimento Pol\u00edtico pela Unidade ele conseguiu atuar um protocolo de concilia\u00e7\u00e3o e interc\u00e2mbio para sustentar e promover uma troca de pol\u00edticas de desenvolvimento local, ao qual aderiram 22 cidades.  <strong>\u201cO amanhecer na cidade\u201d era o t\u00edtulo da sugestiva coreografia final<\/strong>. De Budapeste, que em 1956 viveu horas dram\u00e1ticas, marcadas pela viol\u00eancia, depois de 50 anos, parte um novo impulso de renova\u00e7\u00e3o, de fraternidade, de esperan\u00e7a que se irradiar\u00e1 nas numerosas cidades dos 92 pa\u00edses dos cinco continentes aqui representadas.<\/p>\n","protected":false},"excerpt":{"rendered":"<p>Para mostrar uma rede de cidades onde j\u00e1 existem fragmentos de fraternidade. An\u00fancio dado na conclus\u00e3o da manifesta\u00e7\u00e3o internacional em Budapeste, que se defrontou com os desafios lan\u00e7ados pela justi\u00e7a, comunica\u00e7\u00e3o e pol\u00edtica.<\/p>\n","protected":false},"author":34,"featured_media":0,"comment_status":"open","ping_status":"open","sticky":false,"template":"","format":"standard","meta":{"give_campaign_id":0,"_seopress_robots_primary_cat":"","_seopress_titles_title":"","_seopress_titles_desc":"","_seopress_robots_index":"","_et_pb_use_builder":"","_et_pb_old_content":"","_et_gb_content_width":"","footnotes":""},"categories":[129],"tags":[],"class_list":["post-299848","post","type-post","status-publish","format-standard","hentry","category-sem-categoria"],"_links":{"self":[{"href":"https:\/\/www.focolare.org\/pt-pt\/wp-json\/wp\/v2\/posts\/299848","targetHints":{"allow":["GET"]}}],"collection":[{"href":"https:\/\/www.focolare.org\/pt-pt\/wp-json\/wp\/v2\/posts"}],"about":[{"href":"https:\/\/www.focolare.org\/pt-pt\/wp-json\/wp\/v2\/types\/post"}],"author":[{"embeddable":true,"href":"https:\/\/www.focolare.org\/pt-pt\/wp-json\/wp\/v2\/users\/34"}],"replies":[{"embeddable":true,"href":"https:\/\/www.focolare.org\/pt-pt\/wp-json\/wp\/v2\/comments?post=299848"}],"version-history":[{"count":0,"href":"https:\/\/www.focolare.org\/pt-pt\/wp-json\/wp\/v2\/posts\/299848\/revisions"}],"wp:attachment":[{"href":"https:\/\/www.focolare.org\/pt-pt\/wp-json\/wp\/v2\/media?parent=299848"}],"wp:term":[{"taxonomy":"category","embeddable":true,"href":"https:\/\/www.focolare.org\/pt-pt\/wp-json\/wp\/v2\/categories?post=299848"},{"taxonomy":"post_tag","embeddable":true,"href":"https:\/\/www.focolare.org\/pt-pt\/wp-json\/wp\/v2\/tags?post=299848"}],"curies":[{"name":"wp","href":"https:\/\/api.w.org\/{rel}","templated":true}]}}