{"id":299910,"date":"2006-12-19T23:00:00","date_gmt":"2006-12-19T22:00:00","guid":{"rendered":"https:\/\/www.focolare.org\/brasil-a-fraternidade-na-acao-politica-a-fim-de-planejar-o-futuro\/"},"modified":"2024-05-13T21:09:22","modified_gmt":"2024-05-13T19:09:22","slug":"brasil-a-fraternidade-na-acao-politica-a-fim-de-planejar-o-futuro","status":"publish","type":"post","link":"https:\/\/www.focolare.org\/pt-pt\/brasil-a-fraternidade-na-acao-politica-a-fim-de-planejar-o-futuro\/","title":{"rendered":"Brasil: a fraternidade na a\u00e7\u00e3o pol\u00edtica a fim de planejar o futuro"},"content":{"rendered":"<p><strong><a rel=\"attachment wp-att-52509\" href=\"https:\/\/www.focolare.org\/news\/2006\/12\/20\/brasile-la-fraternita-nell%e2%80%99azione-politica-per-progettare-il-futuro\/070110-03\/\"><img loading=\"lazy\" decoding=\"async\" class=\"alignleft\" style=\"margin: 5px;border-width: 0px\" src=\"https:\/\/www.focolare.org\/wp-content\/uploads\/2006\/12\/070110-03.jpg\" alt=\"\" width=\"200\" height=\"200\" \/><\/a>A cerim\u00f4nia que aconteceu na C\u00e2mera dos Deputados, em Bras\u00edlia, no dia 7 de dezembro passado<\/strong>, contou com a participa\u00e7\u00e3o\u00a0de al\u00e9m de 200 deputados federais, poucas semanas antes da posse dos novos deputados e do governo.\u00a0O Presidente da C\u00e2mara, Dep. Aldo Rebelo, enviou uma mensagem. A noticia da sess\u00e3o solene em honra ao Movimento Pol\u00edtico pela Unidade (MPPU) figurou tamb\u00e9m no site e no calend\u00e1rio oficial dos trabalhos da C\u00e2mara.  <strong>\u201cEspecialmente no momento hist\u00f3rico que vive o Brasil, numa encruzilhada de escolhas pol\u00edticas cruciais<\/strong>, em \u00e2mbito nacional e internacional, para o seu povo, bem como para os numerosos pa\u00edses emergentes, nos encontramos numa Jornada muito importante\u201d \u2013 diz a Dep. Lucia Crepaz, Presidente da MPPU internacional, durante a sua viagem. \u201cNo decorrer da sess\u00e3o ouvi deputados de partidos diferentes se questionarem e tomarem posi\u00e7\u00e3o sobre a fraternidade universal, princ\u00edpio inspirador do MPPU. E gostaria de dizer que, se nos ambientes pol\u00edticos, \u00e0s vezes a fraternidade \u00e9 considerada uma categoria fr\u00e1gil, que n\u00e3o se adapta \u00e0 extenuante composi\u00e7\u00e3o dos interesses, ali, ao contr\u00e1rio, emergiu mais uma vez a sua capacidade de projeto, de argumentos e m\u00e9todo pol\u00edtico, guia das a\u00e7\u00f5es pessoais quotidianas como de grandes transforma\u00e7\u00f5es pol\u00edticas\u201d.  <strong>A pequena hist\u00f3ria do MPPU foi tra\u00e7ada pela Dep. Luiza Erundina<\/strong>, que recordou a mensagem de Lubich confiada aos parlamentares em 1998 por Ginetta Calliari \u2013 uma das primeiras companheiras de Lubich, co-fundadora dos Focolares no Brasil. Em seguida, em 2001, surgiu o Movimento Pol\u00edtico pela Unidade, que se expandiu pelos diversos Estados do Brasil, com uma s\u00e9rie de iniciativas pol\u00edticas em todo o territ\u00f3rio e nas sedes pol\u00edticas institucionais, que n\u00e3o deixaram de envolver tamb\u00e9m o Congresso em Bras\u00edlia.  <strong><a rel=\"attachment wp-att-52510\" href=\"https:\/\/www.focolare.org\/news\/2006\/12\/20\/brasile-la-fraternita-nell%e2%80%99azione-politica-per-progettare-il-futuro\/070110-02-2\/\"><img loading=\"lazy\" decoding=\"async\" class=\"alignleft\" style=\"margin: 5px;border-width: 0px\" src=\"https:\/\/www.focolare.org\/wp-content\/uploads\/2006\/12\/070110-02.jpg\" alt=\"\" width=\"200\" height=\"200\" \/><\/a>Nas duas jornadas que se sucederam, a conven\u00e7\u00e3o do MPPU<\/strong> acolheu mais de uma dezena de pol\u00edticos e administradores, al\u00e9m de funcion\u00e1rios, cidad\u00e3os interessados e estudiosos, provenientes de 25 Estados do Brasil, para tra\u00e7ar as pr\u00f3ximas a\u00e7\u00f5es a partir do que foi realizado desde 2001 at\u00e9 hoje. Na ocasi\u00e3o, mensagens de congratula\u00e7\u00f5es foram enviadas tamb\u00e9m pelos centros Nacionais do MPPU da Argentina, Uruguai e Paraguai, onde esta experi\u00eancia j\u00e1 acontece h\u00e1 alguns anos.  <strong>O Movimento Pol\u00edtico pela Unidade<\/strong> \u2013 Nasceu por iniciativa de Chiara Lubich em 1996 e pode ser definido como um laborat\u00f3rio internacional de di\u00e1logo pol\u00edtico que re\u00fane pol\u00edticos pertencentes a diferentes partidos e que atuam nos mais diversos contextos sociais e pol\u00edticos, que encontram no carisma da unidade uma fonte de inspira\u00e7\u00e3o e de motiva\u00e7\u00f5es universais para trabalhar conjuntamente em favor do bem comum.<\/p>\n","protected":false},"excerpt":{"rendered":"<p>A C\u00e2mera dos Deputados comemora, em sess\u00e3o solene, o 5\u00ba anivers\u00e1rio da funda\u00e7\u00e3o do Movimento Pol\u00edtico pela Unidade no Brasil<\/p>\n","protected":false},"author":34,"featured_media":0,"comment_status":"open","ping_status":"open","sticky":false,"template":"","format":"standard","meta":{"give_campaign_id":0,"_seopress_robots_primary_cat":"","_seopress_titles_title":"","_seopress_titles_desc":"","_seopress_robots_index":"","_et_pb_use_builder":"","_et_pb_old_content":"","_et_gb_content_width":"","footnotes":""},"categories":[909],"tags":[],"class_list":["post-299910","post","type-post","status-publish","format-standard","hentry","category-focolare-worldwide-2-4"],"_links":{"self":[{"href":"https:\/\/www.focolare.org\/pt-pt\/wp-json\/wp\/v2\/posts\/299910","targetHints":{"allow":["GET"]}}],"collection":[{"href":"https:\/\/www.focolare.org\/pt-pt\/wp-json\/wp\/v2\/posts"}],"about":[{"href":"https:\/\/www.focolare.org\/pt-pt\/wp-json\/wp\/v2\/types\/post"}],"author":[{"embeddable":true,"href":"https:\/\/www.focolare.org\/pt-pt\/wp-json\/wp\/v2\/users\/34"}],"replies":[{"embeddable":true,"href":"https:\/\/www.focolare.org\/pt-pt\/wp-json\/wp\/v2\/comments?post=299910"}],"version-history":[{"count":0,"href":"https:\/\/www.focolare.org\/pt-pt\/wp-json\/wp\/v2\/posts\/299910\/revisions"}],"wp:attachment":[{"href":"https:\/\/www.focolare.org\/pt-pt\/wp-json\/wp\/v2\/media?parent=299910"}],"wp:term":[{"taxonomy":"category","embeddable":true,"href":"https:\/\/www.focolare.org\/pt-pt\/wp-json\/wp\/v2\/categories?post=299910"},{"taxonomy":"post_tag","embeddable":true,"href":"https:\/\/www.focolare.org\/pt-pt\/wp-json\/wp\/v2\/tags?post=299910"}],"curies":[{"name":"wp","href":"https:\/\/api.w.org\/{rel}","templated":true}]}}