{"id":299912,"date":"2006-12-27T23:00:00","date_gmt":"2006-12-27T22:00:00","guid":{"rendered":"https:\/\/www.focolare.org\/nao-mais-ilha-do-inferno\/"},"modified":"2024-05-13T21:09:22","modified_gmt":"2024-05-13T19:09:22","slug":"nao-mais-ilha-do-inferno","status":"publish","type":"post","link":"https:\/\/www.focolare.org\/pt-pt\/nao-mais-ilha-do-inferno\/","title":{"rendered":"N\u00e3o mais \u201cIlha do Inferno\u201d"},"content":{"rendered":"<p>\u00a0<em>\u00abA mensagem do Evangelho vivida por pessoas que partilharam tudo conosco, procurando juntos os meios para o nosso sustento, tornou-se um fato que nos libertou interiormente; abriu-nos um horizonte novo, levou-nos a fazer da vida uma \u201csanta viagem\u201d, tornando-nos agentes da transforma\u00e7\u00e3o do nosso ambiente social\u00bb<\/em>  <strong>Nasci e moro na ilha que agora \u00e9 chamada Santa Terezinha<\/strong>, na periferia de Recife. Cerca de 30 anos atr\u00e1s o seu nome era \u201cIlha do Inferno\u201d, devido \u00e0 grave degrada\u00e7\u00e3o na qual se encontrava. Desde ent\u00e3o o Movimento dos Focolares desenvolve nessa comunidade uma a\u00e7\u00e3o de promo\u00e7\u00e3o social, e, ao mesmo tempo, espiritual e cultural. Atrav\u00e9s dessa experi\u00eancia vivida juntos nasceu a Associa\u00e7\u00e3o dos Moradores da Ilha Santa Terezinha, da qual fui o presidente por cinco mandatos consecutivos, com o objetivo de ajudar os habitantes a viverem uma experi\u00eancia comunit\u00e1ria e se tornarem protagonistas do pr\u00f3prio desenvolvimento.  <strong>O lema que escolhemos \u00e9 a frase do Evangelho<\/strong>: \u201cprocurai antes de tudo o Reino de Deus e a sua justi\u00e7a&#8230;\u201d. Colocando a nossa for\u00e7a em Deus, o Evangelho tornou-se uma esp\u00e9cie de b\u00fassola na nossa vida, isso porque, vivendo num pa\u00eds com um sistema capitalista, e, naquela \u00e9poca, ainda sob o regime militar, quase todas as comunidades eram orientadas a partidos que tinham a luta como \u00fanica proposta para a supera\u00e7\u00e3o das desigualdades sociais. N\u00f3s, ao contr\u00e1rio, est\u00e1vamos sempre abertos ao di\u00e1logo com os administradores p\u00fablicos, independente de suas correntes partid\u00e1rias, manifestando com clareza as posi\u00e7\u00f5es que adot\u00e1vamos como comunidade.  <strong>As conseq\u00fc\u00eancias foram desenvolvimentos e conquistas<\/strong>: o saneamento de uma \u00e1rea que antes estava sempre alagada por causa das chuvas ou da mar\u00e9 alta; a constru\u00e7\u00e3o de casas, inclusive com o apoio do Estado, para resolver o problema da habita\u00e7\u00e3o e para combater o analfabetismo foi aberta uma escola que hoje conta mais de 600 alunos. Em colabora\u00e7\u00e3o com a prefeitura de Recife, e com a ajuda de entidades alem\u00e3s, foi aberto um ambulat\u00f3rio, fundamental para diminuir os \u00edndices de mortalidade infantil. Abrimos ainda um centro para a recupera\u00e7\u00e3o da inf\u00e2ncia desnutrida. Para combater o desemprego criamos uma empresa de material de constru\u00e7\u00e3o em cimento, que d\u00e1 trabalho a sete pais de fam\u00edlia. Por meio das ado\u00e7\u00f5es \u00e0 dist\u00e2ncia surgiu uma associa\u00e7\u00e3o de sustento \u00e0 inf\u00e2ncia e adolesc\u00eancia, que realiza um trabalho de preven\u00e7\u00e3o, com atividades que ocupam as crian\u00e7as e adolescentes no tempo livre do hor\u00e1rio escolar, dando-lhes uma forma\u00e7\u00e3o humana e c\u00edvica.  <strong>O respeito e o reconhecimento das autoridades competentes n\u00e3o tardaram<\/strong>: n\u00e3o conheciam a experi\u00eancia evang\u00e9lica que estavam na base do nosso modo de viver, mas nos viam como uma comunidade organizada e um povo que sabe lutar. O amor que nos impulsiona \u00e9 um convite a crescer, a melhorar. N\u00e3o podemos nos contentar com aquilo que vivemos ontem.  <strong>Com a abertura democr\u00e1tica surgiram novos sistemas de participa\u00e7\u00e3o<\/strong>, como o \u201cBalan\u00e7o preventivo participativo\u201d, segundo o qual as comunidades elegem os pr\u00f3prios representantes para poder discutir com a prefeitura sobre a utiliza\u00e7\u00e3o de uma parte dos recursos financeiros, que s\u00e3o determinados pelo prefeito e a c\u00e2mara municipal. A cidade de Recife \u00e9 dividida em seis \u00e1reas, chamadas \u201cRegi\u00f5es pol\u00edtico-administrativas\u201d, e s\u00e3o eleitos os representantes que atuam neste balan\u00e7o participativo, no total, 470 delegados das comunidades. Durante uma assembl\u00e9ia fui eleito delegado para a minha regi\u00e3o, para representar n\u00e3o s\u00f3 a minha comunidade mas v\u00e1rias outras vilas, nas negocia\u00e7\u00f5es. Exercendo essa fun\u00e7\u00e3o pude esfor\u00e7ar-me para viver as palavras do Evangelho: \u201ctudo aquilo que fizestes ao menor, a mim o fizestes\u201d, vendo Jesus em cada pessoa. Isso pode ser f\u00e1cil quando se trata de algu\u00e9m da minha comunidade, mas \u00e9 muito mais dif\u00edcil quando \u00e9 algu\u00e9m que nem sempre age de acordo com as necessidades dos menos favorecidos. Eu devia trabalhar pela minha comunidade, mas, ao mesmo tempo, manter o relacionamento com todos, e n\u00e3o apenas por diplomacia.  <strong>Um dia, durante uma reuni\u00e3o, est\u00e1vamos discutindo sobre a reparti\u00e7\u00e3o dos financiamentos<\/strong>. Os delegados presentes queriam incluir somente as localidades representadas por aqueles que estavam participando da reuni\u00e3o. Recordando que devemos \u201camar a p\u00e1tria do outro como a nossa\u201d, e, nesse caso, amar a comunidade do outro como a nossa, disse que n\u00e3o era justo sacrificar uma comunidade somente porque os seus representantes n\u00e3o estavam presentes, e que dever\u00edamos considerar n\u00e3o s\u00f3 as nossas necessidades mas tamb\u00e9m as dos outros. A minha proposta foi acolhida.  Numa outra ocasi\u00e3o, quando eu n\u00e3o pude estar presente por motivos de trabalho, foi constatado que os fundos destinados a uma pra\u00e7a da Ilha Santa Terezinha n\u00e3o eram suficientes. Mesmo sem a minha presen\u00e7a os outros delegados determinaram que uma parte dos recursos deles seria utilizada na nossa pra\u00e7a. Foram muitos os resultados desse trabalho conjunto: conseguimos asfaltar as principais ruas da Ilha, al\u00e9m de construir a pra\u00e7a; conseguimos obter equipamentos para o nosso posto de sa\u00fade e patroc\u00ednios para as manifesta\u00e7\u00f5es culturais. E ainda, em outros bairros da cidade de Recife, conseguimos ativar v\u00e1rias obras, juntamente com outros delegados do balan\u00e7o participativo. (J. &#8211; Recife)<\/p>\n","protected":false},"excerpt":{"rendered":"<p>Da decis\u00e3o em fazer da vida uma \u201csanta viagem\u201d nasce uma comunidade protagonista do pr\u00f3prio desenvolvimento social e pol\u00edtico: a experi\u00eancia de um jovem brasileiro<\/p>\n","protected":false},"author":34,"featured_media":0,"comment_status":"open","ping_status":"open","sticky":false,"template":"","format":"standard","meta":{"give_campaign_id":0,"_seopress_robots_primary_cat":"","_seopress_titles_title":"","_seopress_titles_desc":"","_seopress_robots_index":"","_et_pb_use_builder":"","_et_pb_old_content":"","_et_gb_content_width":"","footnotes":""},"categories":[909],"tags":[],"class_list":["post-299912","post","type-post","status-publish","format-standard","hentry","category-focolare-worldwide-2-4"],"_links":{"self":[{"href":"https:\/\/www.focolare.org\/pt-pt\/wp-json\/wp\/v2\/posts\/299912","targetHints":{"allow":["GET"]}}],"collection":[{"href":"https:\/\/www.focolare.org\/pt-pt\/wp-json\/wp\/v2\/posts"}],"about":[{"href":"https:\/\/www.focolare.org\/pt-pt\/wp-json\/wp\/v2\/types\/post"}],"author":[{"embeddable":true,"href":"https:\/\/www.focolare.org\/pt-pt\/wp-json\/wp\/v2\/users\/34"}],"replies":[{"embeddable":true,"href":"https:\/\/www.focolare.org\/pt-pt\/wp-json\/wp\/v2\/comments?post=299912"}],"version-history":[{"count":0,"href":"https:\/\/www.focolare.org\/pt-pt\/wp-json\/wp\/v2\/posts\/299912\/revisions"}],"wp:attachment":[{"href":"https:\/\/www.focolare.org\/pt-pt\/wp-json\/wp\/v2\/media?parent=299912"}],"wp:term":[{"taxonomy":"category","embeddable":true,"href":"https:\/\/www.focolare.org\/pt-pt\/wp-json\/wp\/v2\/categories?post=299912"},{"taxonomy":"post_tag","embeddable":true,"href":"https:\/\/www.focolare.org\/pt-pt\/wp-json\/wp\/v2\/tags?post=299912"}],"curies":[{"name":"wp","href":"https:\/\/api.w.org\/{rel}","templated":true}]}}