{"id":299936,"date":"2007-02-08T23:00:00","date_gmt":"2007-02-08T22:00:00","guid":{"rendered":"https:\/\/www.focolare.org\/da-comunhao-entre-os-bispos-e-os-movimentos-pode-surgir-um-novo-impulso-para-o-testemunho-do-evangelho-no-mundo\/"},"modified":"2024-05-13T21:09:35","modified_gmt":"2024-05-13T19:09:35","slug":"da-comunhao-entre-os-bispos-e-os-movimentos-pode-surgir-um-novo-impulso-para-o-testemunho-do-evangelho-no-mundo","status":"publish","type":"post","link":"https:\/\/www.focolare.org\/pt-pt\/da-comunhao-entre-os-bispos-e-os-movimentos-pode-surgir-um-novo-impulso-para-o-testemunho-do-evangelho-no-mundo\/","title":{"rendered":"\u00abDa comunh\u00e3o entre os bispos e os Movimentos pode surgir um novo impulso para o testemunho do Evangelho no mundo\u00bb"},"content":{"rendered":"<p><em>\u201cDa comunh\u00e3o entre os bispos e os movimentos pode surgir um v\u00e1lido impulso para um novo compromisso da Igreja no an\u00fancio e no testemunho do Evangelho da esperan\u00e7a e da caridade, em todos os cantos do mundo\u201d.<\/em> <a rel=\"attachment wp-att-52333\" href=\"https:\/\/www.focolare.org\/news\/2007\/02\/09\/%c2%abdalla-comunione-tra-vescovi-e-movimenti-nuovo-impulso-alla-testimonianza-del-vangelo-nel-mondo%c2%bb\/070212-04-2\/\"><img alt=\"\" alt=\"\" loading=\"lazy\" decoding=\"async\" class=\"alignright size-full wp-image-52333\" src=\"https:\/\/www.focolare.org\/wp-content\/uploads\/2007\/02\/070212-04.jpg\" alt=\"\" width=\"200\" height=\"200\" \/><\/a>Foi este um dos pontos salientes do discurso dirigido por Bento XVI aos quase 200 bispos que recebeu em audi\u00eancia, na manh\u00e3 do dia 8 de fevereiro: bispos amigos do Movimento dos Focolares reunidos estes dias em Castelgandolfo, e bispos amigos da Comunidade de Sant\u2019Eg\u00eddio, vindos a Roma para o anivers\u00e1rio de sua funda\u00e7\u00e3o.  <strong>Transcrevemos, a seguir, o discurso integral do Santo Padre:<\/strong> \u00abVenerados irm\u00e3os no episcopado,  <strong>Dou-vos as boas-vindas com alegria nesta audi\u00eancia especial<\/strong> e sa\u00fado cordialmente a todos v\u00f3s, que viestes de diferentes pa\u00edses do mundo. Dirijo tamb\u00e9m uma particular sauda\u00e7\u00e3o a todos os que est\u00e3o aqui conosco e que pertencem a outras Igrejas.  Alguns participam na anual reuni\u00e3o dos bispos amigos do Movimento dos Focolares, que tem por tema: \u00abCristo crucificado e abandonado, luz na noite cultural\u00bb. Aproveito com prazer esta ocasi\u00e3o para enviar a Chiara Lubich meus melhores desejos e minha b\u00ean\u00e7\u00e3o, que estendo a todos os membros do Movimento que ela fundou.  Outros participam no IX Congresso de bispos amigos da Comunidade de Sant\u2019Egidio, que trata um argumento particularmente atual: \u00abA globaliza\u00e7\u00e3o do amor\u00bb. Sa\u00fado Dom Vincenzo Paglia, e com ele o professor Andrea Riccardi e a toda a Comunidade, que, no anivers\u00e1rio de sua funda\u00e7\u00e3o, se reunir\u00e1 esta noite na Bas\u00edlica de S\u00e3o Jo\u00e3o de Latr\u00e3o para participar de uma celebra\u00e7\u00e3o eucar\u00edstica solene.  N\u00e3o tenho aqui todos os nomes, mas sa\u00fado tamb\u00e9m a todos os queridos irm\u00e3os, bispos, cardeais, e de todo cora\u00e7\u00e3o aos queridos irm\u00e3os da Igreja ortodoxa.  <strong>Queridos irm\u00e3os no episcopado, quero dizer-vos antes de tudo que vossa proximidade aos dois movimentos<\/strong> sublinha a vitalidade destas novas agrega\u00e7\u00f5es de fi\u00e9is e manifesta ao mesmo tempo essa comunh\u00e3o entre os carismas, que constitui um t\u00edpico \u00absinal dos tempos\u00bb.<a rel=\"attachment wp-att-52336\" href=\"https:\/\/www.focolare.org\/news\/2007\/02\/09\/%c2%abdalla-comunione-tra-vescovi-e-movimenti-nuovo-impulso-alla-testimonianza-del-vangelo-nel-mondo%c2%bb\/070212-01-2\/\"><img alt=\"\" alt=\"\" loading=\"lazy\" decoding=\"async\" class=\"alignright size-full wp-image-52336\" src=\"https:\/\/www.focolare.org\/wp-content\/uploads\/2007\/02\/070212-01.jpg\" alt=\"\" width=\"200\" height=\"200\" \/><\/a>  Parece-me que estes encontros de carismas da unidade da Igreja na diversidade dos dons s\u00e3o um sinal muito alentador e importante. A exorta\u00e7\u00e3o p\u00f3s-sinodal \u00abPastores gregis\u00bb recorda que \u00abas rela\u00e7\u00f5es rec\u00edprocas entre os bispos v\u00e3o muito al\u00e9m de seus encontros institucionais\u00bb (n. 59). \u00c9 o que sucede tamb\u00e9m em congressos como os vossos, nos quais se experimenta n\u00e3o s\u00f3 a colegialidade, mas uma fraternidade episcopal que encontra nos ideais compartilhados e promovidos pelos movimentos um est\u00edmulo para tornar mais intensa a comunh\u00e3o dos cora\u00e7\u00f5es, mais forte o rec\u00edproco apoio e mais compartilhado o compromisso de mostrar a Igreja como lugar de ora\u00e7\u00e3o e de caridade, como casa de miseric\u00f3rdia e de paz.  Meu venerado predecessor, Jo\u00e3o Paulo II, apresentou os Movimentos e as novas comunidades surgidas nestes anos como um dom providencial do Esp\u00edrito Santo \u00e0 Igreja para responder de maneira eficaz aos desafios de nosso tempo. E v\u00f3s sabeis que esta \u00e9 tamb\u00e9m minha convic\u00e7\u00e3o. Quando era professor e depois cardeal, tive a oportunidade de expressar minha convic\u00e7\u00e3o: os movimentos s\u00e3o um dom do Esp\u00edrito \u00e0 Igreja. E precisamente no encontro dos carismas, mostram tamb\u00e9m a riqueza, tanto dos dons como da unidade da f\u00e9.  <strong>Como esquecer, por exemplo, a extraordin\u00e1ria vig\u00edlia de Pentecostes do ano passado<\/strong>, que foi testemunha da participa\u00e7\u00e3o conjunta de muitos movimentos e associa\u00e7\u00f5es eclesiais? Ainda est\u00e1 viva em mim a emo\u00e7\u00e3o experimentada ao participar, na Pra\u00e7a de S\u00e3o Pedro, de uma experi\u00eancia espiritual t\u00e3o intensa.  Repito-vos o que ent\u00e3o disse aos fi\u00e9is, vindos de todas as partes do mundo, ou seja, que a multiformidade e a unidade dos carismas e minist\u00e9rios s\u00e3o insepar\u00e1veis da vida da Igreja. O Esp\u00edrito Santo quer a multiformidade dos Movimentos ao servi\u00e7o do \u00fanico Corpo que \u00e9 precisamente a Igreja. E isso \u00e9 realizado atrav\u00e9s do minist\u00e9rio de quem Ele p\u00f4s para reger a Igreja de Deus: os bispos em comunh\u00e3o com o sucessor de Pedro.  <strong>Esta unidade e multiplicidade que se d\u00e1 no povo de Deus, manifesta-se, em certo sentido, tamb\u00e9m hoje aqui<\/strong>, ao reunir-se com o Papa muitos bispos, pr\u00f3ximos a dois movimentos eclesiais diferentes, caracterizados por uma forte dimens\u00e3o mission\u00e1ria. No rico mundo ocidental, no qual tamb\u00e9m est\u00e1 presente uma cultura relativista e no qual n\u00e3o falta ao mesmo tempo um difundido desejo de espiritualidade, vossos movimentos testemunham a alegria da f\u00e9 e a beleza de ser crist\u00e3os. Com uma grande abertura ecum\u00eanica nas grandes \u00e1reas deprimidas da terra, comunicam a mensagem da solidariedade e se aproximam dos pobres e dos fracos com esse amor, humano e divino, que quis apresentar novamente \u00e0 aten\u00e7\u00e3o de todos na enc\u00edclica \u00abDeus caritas est\u00bb.  Da comunh\u00e3o entre os bispos e os movimentos pode surgir, portanto, um v\u00e1lido impulso para um novo compromisso da Igreja no an\u00fancio e no testemunho do Evangelho da esperan\u00e7a e da caridade em todos os cantos do mundo.  <strong>O Movimento dos Focolares<\/strong>, precisamente a partir do cora\u00e7\u00e3o de sua espiritualidade, ou seja, de Jesus crucificado e abandonado, sublinha o carisma e o servi\u00e7o da unidade, que se realiza nos diferentes \u00e2mbitos sociais e culturais, como por exemplo, no econ\u00f4mico, com a \u00abeconomia de comunh\u00e3o\u00bb, e atrav\u00e9s dos caminhos do ecumenismo e do di\u00e1logo inter-religioso.  <strong>A Comunidade de Sant\u2019Egidio<\/strong>, ao p\u00f4r no centro de sua pr\u00f3pria exist\u00eancia a ora\u00e7\u00e3o e a liturgia, quer tornar-se pr\u00f3xima de quem se encontra em situa\u00e7\u00f5es de pobreza e de marginaliza\u00e7\u00e3o social. Para o crist\u00e3o, o homem, ainda que esteja afastado, n\u00e3o \u00e9 nunca um estranho.  Juntos podemos enfrentar com um impulso mais forte os desafios que nos interpelam de maneira importante neste in\u00edcio do terceiro mil\u00eanio: penso em primeiro lugar na busca da justi\u00e7a e da paz e na urg\u00eancia de construir um mundo mais fraterno e solid\u00e1rio, a partir precisamente dos pa\u00edses dos quais procedeis alguns de v\u00f3s, e que sofrem sangrentos conflitos. Refiro-me especialmente a \u00c1frica, continente que levo em meu cora\u00e7\u00e3o e que espero que possa experimentar finalmente um tempo de paz est\u00e1vel e de aut\u00eantico desenvolvimento. O pr\u00f3ximo S\u00ednodo dos Bispos africanos ser\u00e1 certamente um momento prop\u00edcio para mostrar o grande amor que Deus sente pelas queridas popula\u00e7\u00f5es africanas.  <strong>Queridos amigos: a fraternidade que existe entre v\u00f3s e os movimentos dos que sois amigos vos impulsiona a \u00ablevar mutuamente vossas cargas\u00bb <\/strong>(G\u00e1latas 6, 2), como recomenda o ap\u00f3stolo, sobretudo no que se refere \u00e0 evangeliza\u00e7\u00e3o, ao amor pelos pobres e \u00e0 causa da paz. Que o Senhor torne cada vez mais fecundas vossas iniciativas espirituais e apost\u00f3licas.  Eu vos acompanho com a ora\u00e7\u00e3o e com alegria vos envio a b\u00ean\u00e7\u00e3o apost\u00f3lica, aos que estais aqui presentes, ao Movimento dos Focolares, \u00e0 Comunidade de Sant\u2019Egidio, e aos fi\u00e9is confiados a vossas aten\u00e7\u00f5es pastorais\u00bb. <em>Bento XVI 8 de fevereiro de 2007,<\/em>\u00a0<em>Sala Clementina<\/em><\/p>\n","protected":false},"excerpt":{"rendered":"<p>Bento XVI aos Bispos Amigos do Movimento dos Focolares e da Comunidade de Sant\u2019Eg\u00eddio<\/p>\n","protected":false},"author":34,"featured_media":0,"comment_status":"open","ping_status":"open","sticky":false,"template":"","format":"standard","meta":{"give_campaign_id":0,"_seopress_robots_primary_cat":"","_seopress_titles_title":"","_seopress_titles_desc":"","_seopress_robots_index":"","_et_pb_use_builder":"","_et_pb_old_content":"","_et_gb_content_width":"","footnotes":""},"categories":[129],"tags":[],"class_list":["post-299936","post","type-post","status-publish","format-standard","hentry","category-sem-categoria"],"_links":{"self":[{"href":"https:\/\/www.focolare.org\/pt-pt\/wp-json\/wp\/v2\/posts\/299936","targetHints":{"allow":["GET"]}}],"collection":[{"href":"https:\/\/www.focolare.org\/pt-pt\/wp-json\/wp\/v2\/posts"}],"about":[{"href":"https:\/\/www.focolare.org\/pt-pt\/wp-json\/wp\/v2\/types\/post"}],"author":[{"embeddable":true,"href":"https:\/\/www.focolare.org\/pt-pt\/wp-json\/wp\/v2\/users\/34"}],"replies":[{"embeddable":true,"href":"https:\/\/www.focolare.org\/pt-pt\/wp-json\/wp\/v2\/comments?post=299936"}],"version-history":[{"count":0,"href":"https:\/\/www.focolare.org\/pt-pt\/wp-json\/wp\/v2\/posts\/299936\/revisions"}],"wp:attachment":[{"href":"https:\/\/www.focolare.org\/pt-pt\/wp-json\/wp\/v2\/media?parent=299936"}],"wp:term":[{"taxonomy":"category","embeddable":true,"href":"https:\/\/www.focolare.org\/pt-pt\/wp-json\/wp\/v2\/categories?post=299936"},{"taxonomy":"post_tag","embeddable":true,"href":"https:\/\/www.focolare.org\/pt-pt\/wp-json\/wp\/v2\/tags?post=299936"}],"curies":[{"name":"wp","href":"https:\/\/api.w.org\/{rel}","templated":true}]}}