{"id":299942,"date":"2007-03-06T23:00:00","date_gmt":"2007-03-06T22:00:00","guid":{"rendered":"https:\/\/www.focolare.org\/o-testemunho-de-ginetta-o-evangelho-revolucao-social\/"},"modified":"2024-05-13T21:09:36","modified_gmt":"2024-05-13T19:09:36","slug":"o-testemunho-de-ginetta-o-evangelho-revolucao-social","status":"publish","type":"post","link":"https:\/\/www.focolare.org\/pt-pt\/o-testemunho-de-ginetta-o-evangelho-revolucao-social\/","title":{"rendered":"O testemunho de Ginetta: o Evangelho, revolu\u00e7\u00e3o social"},"content":{"rendered":"<p><em><a rel=\"attachment wp-att-52279\" href=\"https:\/\/www.focolare.org\/news\/2007\/03\/07\/la-testimonianza-di-ginetta-il-vangelo-rivoluzione-sociale\/070305-06-2\/\"><img loading=\"lazy\" decoding=\"async\" class=\"alignleft\" style=\"margin: 5px;border-width: 0px\" src=\"https:\/\/www.focolare.org\/wp-content\/uploads\/2007\/03\/070305-06.jpg\" alt=\"\" width=\"200\" height=\"200\" \/><\/a><\/em><em>No dia 8 de mar\u00e7o, ap\u00f3s seis anos da morte de uma das principais protagonistas do Movimento dos Focolares no Brasil \u2013 Ginetta Calliari \u2013 a Igreja cat\u00f3lica dar\u00e1 in\u00edcio ao estudo de sua vida, com a instaura\u00e7\u00e3o do processo de beatifica\u00e7\u00e3o, na perspectiva de reconhec\u00ea-la com modelo de vida crist\u00e3. A abertura do processo acontecer\u00e1 na catedral de Osasco, regi\u00e3o metropolitana de S\u00e3o Paulo, \u00e0s 20 horas. <\/em>  Muitas lideran\u00e7as religiosas, pol\u00edticas e de movimentos sociais de diversas tend\u00eancias tiveram em Ginetta uma grande l\u00edder espiritual e uma fonte de inspira\u00e7\u00e3o em seus ideais e a\u00e7\u00f5es. Em seus 42 anos de perman\u00eancia no Brasil, Ginetta n\u00e3o poupou energias na difus\u00e3o de uma cultura da fraternidade, o Ideal da unidade, que caracteriza o Movimento dos Focolares. Com uma f\u00e9 potente na for\u00e7a transformadora do Evangelho, al\u00e9m de se tornar uma l\u00edder espiritual para milhares de brasileiros, ela suscitou diversas obras sociais e culturais. Foi uma das principais propulsoras da <a href=\"http:\/\/www.edc-online.org\/br\/_idea.htm\" target=\"_blank\" rel=\"noopener\">Economia de Comunh\u00e3o<\/a>, um projeto lan\u00e7ado por Chiara Lubich, justamente no Brasil, para contribuir na extin\u00e7\u00e3o da dist\u00e2ncia entre ricos e pobres, reunindo empresas de diferentes setores que colocam parte de seus lucros a servi\u00e7o da promo\u00e7\u00e3o humana e social de pessoas carentes.  Ginetta Calliari (1918-2001), nasceu em Trento (It\u00e1lia), esteve ao lado de Chiara Lubich desde o in\u00edcio do Movimento dos Focolares, nos anos 40. Em 1959 esteve entre os primeiros jovens focolarinos que vieram para o Brasil, o primeiro pa\u00eds fora da Europa em que uma se\u00e7\u00e3o do Movimento dos Focolares foi constitu\u00edda. Atualmente conta com cerca de 300 mil adeptos e 61 centros de difus\u00e3o.<\/p>\n","protected":false},"excerpt":{"rendered":"<p>Tem in\u00edcio, no dia 8 de mar\u00e7o, o processo de beatifica\u00e7\u00e3o de uma das primeiras companheiras de Chiara Lubich, Ginetta Calliari, entre as iniciadoras do Movimento dos Focolares no Brasil.<\/p>\n","protected":false},"author":34,"featured_media":0,"comment_status":"open","ping_status":"open","sticky":false,"template":"","format":"standard","meta":{"give_campaign_id":0,"_seopress_robots_primary_cat":"","_seopress_titles_title":"","_seopress_titles_desc":"","_seopress_robots_index":"","_et_pb_use_builder":"","_et_pb_old_content":"","_et_gb_content_width":"","footnotes":""},"categories":[129],"tags":[],"class_list":["post-299942","post","type-post","status-publish","format-standard","hentry","category-sem-categoria"],"_links":{"self":[{"href":"https:\/\/www.focolare.org\/pt-pt\/wp-json\/wp\/v2\/posts\/299942","targetHints":{"allow":["GET"]}}],"collection":[{"href":"https:\/\/www.focolare.org\/pt-pt\/wp-json\/wp\/v2\/posts"}],"about":[{"href":"https:\/\/www.focolare.org\/pt-pt\/wp-json\/wp\/v2\/types\/post"}],"author":[{"embeddable":true,"href":"https:\/\/www.focolare.org\/pt-pt\/wp-json\/wp\/v2\/users\/34"}],"replies":[{"embeddable":true,"href":"https:\/\/www.focolare.org\/pt-pt\/wp-json\/wp\/v2\/comments?post=299942"}],"version-history":[{"count":0,"href":"https:\/\/www.focolare.org\/pt-pt\/wp-json\/wp\/v2\/posts\/299942\/revisions"}],"wp:attachment":[{"href":"https:\/\/www.focolare.org\/pt-pt\/wp-json\/wp\/v2\/media?parent=299942"}],"wp:term":[{"taxonomy":"category","embeddable":true,"href":"https:\/\/www.focolare.org\/pt-pt\/wp-json\/wp\/v2\/categories?post=299942"},{"taxonomy":"post_tag","embeddable":true,"href":"https:\/\/www.focolare.org\/pt-pt\/wp-json\/wp\/v2\/tags?post=299942"}],"curies":[{"name":"wp","href":"https:\/\/api.w.org\/{rel}","templated":true}]}}