{"id":299968,"date":"2007-05-02T22:00:00","date_gmt":"2007-05-02T20:00:00","guid":{"rendered":"https:\/\/www.focolare.org\/stuttgart-12-de-maio-juntos-pela-europa-250-movimentos-e-comunidades-de-varias-igrejas-para-lancar-pontes-entre-culturas-e-paises\/"},"modified":"2024-05-13T21:09:39","modified_gmt":"2024-05-13T19:09:39","slug":"stuttgart-12-de-maio-juntos-pela-europa-250-movimentos-e-comunidades-de-varias-igrejas-para-lancar-pontes-entre-culturas-e-paises","status":"publish","type":"post","link":"https:\/\/www.focolare.org\/pt-pt\/stuttgart-12-de-maio-juntos-pela-europa-250-movimentos-e-comunidades-de-varias-igrejas-para-lancar-pontes-entre-culturas-e-paises\/","title":{"rendered":"Stuttgart, 12 de maio. \u201cJuntos pela Europa\u201d: 250 movimentos e comunidades de v\u00e1rias Igrejas, para lan\u00e7ar pontes entre culturas e pa\u00edses."},"content":{"rendered":"<p><strong><strong><img loading=\"lazy\" decoding=\"async\" src=\"https:\/\/www.focolare.org\/wp-content\/uploads\/layout\/edit\/foto\/fotodefault\/BA0036.jpg\" border=\"0\" alt=\"\" hspace=\"5\" vspace=\"5\" width=\"200\" height=\"200\" align=\"right\" \/><\/strong>Ap\u00f3s tr\u00eas anos de prepara\u00e7\u00e3o aproxima-se a segunda manifesta\u00e7\u00e3o internacional<\/strong> do pr\u00f3ximo dia 12 de maio, em Stuttgart (Alemanha), coligada, via sat\u00e9lite, com eventos paralelos em v\u00e1rios lugares da Europa. Esperam-se milhares de pessoas, de todos os pa\u00edses da Europa ocidental e centro-oriental, no Gin\u00e1sio de Esportes Hans Martin Schleyer, e ser\u00e3o realizados outros encontros simult\u00e2neos, em cidades como Paris, Moscou, Belfast, Madri, Budapeste e Praga.  <strong>A experi\u00eancia de Stuttgart se repetir\u00e1<\/strong> em mais de 30 encontros, nas principais cidades da It\u00e1lia, na segunda metade de maio.  <strong>Mas o que \u00e9 \u201cJuntos pela Europa\u201d?<\/strong> \u00c9 um evento-testemunho, inspirado nos valores da fraternidade e da partilha, que deseja oferecer uma contribui\u00e7\u00e3o para que sejam superados preconceitos, nacionalismos, feridas hist\u00f3ricas, conflitos sociais, o medo do futuro e da perda de identidade, em resposta aos questionamentos sobre os significados e os valores.  <strong>\u201cJUNTOS\u201d estar\u00e3o 250 movimentos e comunidades<\/strong>, de toda a Europa, para lan\u00e7ar pontes entre culturas e povos diferentes, entre cidad\u00e3os e institui\u00e7\u00f5es, e dar um novo impulso para a constru\u00e7\u00e3o do continente.  <strong>PROGRAMA\u00c7\u00c3O<\/strong>  <strong>Aprofundamentos hist\u00f3rico-culturais e espirituais<\/strong> de: <strong><em>Ulrich Parzany<\/em><\/strong>, pastor evang\u00e9lico, l\u00edder das iniciativas de evangeliza\u00e7\u00e3o Pr\u00f3-Christ; <strong><em>Nicky Gumbel<\/em><\/strong>, presidente da Alpha International, movimento que se originou na Igreja Anglicana; <strong><em>Andr\u00e9a Riccardi<\/em><\/strong>, fundador da Comunidade de Santo Eg\u00eddio e <strong><em>Chiara Lubich<\/em><\/strong>, fundadora do Movimento dos Focolares.  <strong>Segunda parte: fatos de vida e iniciativas<\/strong> desenvolvidas na Europa demonstrar\u00e3o de que forma os Movimentos e novas comunidades: \u00a0&#8211; favorecem a vida da fam\u00edlia; \u00a0&#8211; influem no mundo do trabalho e da economia; \u00a0&#8211; constroem rela\u00e7\u00f5es de fraternidade e solidariedade com pobres\u00a0 e necessitados; \u00a0&#8211; comprometem-se com a justi\u00e7a e a paz no mundo; \u00a0&#8211; favorecem a coes\u00e3o nas cidades e respondem aos desafios da sociedade multi-cultural.  <strong>Di\u00e1logo com representantes de institui\u00e7\u00f5es civis e ecum\u00eanicas europ\u00e9ias<\/strong> que falar\u00e3o inicialmente sobre os efeitos amadurecidos ap\u00f3s o primeiro evento, em 2004, e em seguida sobre as novas perspectivas. Entre os convidados est\u00e3o <strong>Jacques Barrot<\/strong>, vice-presidente da Comiss\u00e3o Europ\u00e9ia; <strong>Romano Prodi<\/strong>, presidente do Conselho italiano; <strong>Walter Kasper<\/strong>, presidente do Pontif\u00edcio Conselho pela unidade dos crist\u00e3os; <strong>Anastasios Yannulatos<\/strong>, arcebispo ortodoxo de Tirana e de toda a Alb\u00e2nia, atualmente um dos presidentes do Conselho Ecum\u00eanico de Igrejas (CEC); <strong>Arnold Clerment<\/strong>, presidente da Confer\u00eancia das Igrejas Europ\u00e9ias (KEK) e da Federa\u00e7\u00e3o protestante na Fran\u00e7a.  <strong>Mensagem \u00e0 Europa<\/strong>. Ser\u00e1 o ato conclusivo do evento, e constar\u00e1, antes de tudo, de uma declara\u00e7\u00e3o de compromisso assumido por movimentos e comunidades das v\u00e1rias Igrejas crist\u00e3s, e de uma proposta de envolvimento de pol\u00edticos e da sociedade civil.  <strong><strong><img decoding=\"async\" src=\"https:\/\/www.focolare.org\/wp-content\/uploads\/layout\/edit\/foto\/foto2007\/Stoccarda Cantanti_01.jpg\" border=\"0\" alt=\"\" hspace=\"5\" vspace=\"5\" align=\"left\" \/><\/strong>Momentos art\u00edsticos<\/strong> de diversos pa\u00edses e culturas estar\u00e3o distribu\u00eddos no decorrer do programa, como demonstra\u00e7\u00e3o da riqueza e da variedade do patrim\u00f4nio europeu.  <strong>A partir de 2004<\/strong> \u2013 \u201cJuntos pela Europa\u201d, antes de ser um evento, \u00e9 a manifesta\u00e7\u00e3o de um caminho de comunh\u00e3o in\u00e9dito entre movimentos e comunidades de diferentes Igrejas, \u201claborat\u00f3rio\u201d de uma Europa que \u00e9 fam\u00edlia de povos reconciliados. Uma etapa deste caminho foi assinalada pela primeira grande manifesta\u00e7\u00e3o do dia 8 de maio de 2004, em Stuttgart, que atingiu quase 100 mil europeus, presentes nos encontros simult\u00e2neos e, mais ainda, gra\u00e7as \u00e0 repercuss\u00e3o nos meios de comunica\u00e7\u00e3o. Um caminho que cresce, com a presen\u00e7a de 170 movimentos e comunidades em 2004, e 250 em 2007.  <strong>O evento est\u00e1 inserido <\/strong>no 50\u00ba anivers\u00e1rio do Tratado de Roma \u2013 1957-2007; na Semana Europ\u00e9ia que lembra o dia 8 de maio \u2013 anivers\u00e1rio do fim da segunda guerra mundial (8\/05\/1945); 9 de maio \u2013 festa da Europa no anivers\u00e1rio da hist\u00f3rica declara\u00e7\u00e3o de Robert Schuman, em 1950, que propunha a forma\u00e7\u00e3o de uma comunidade \u00e0 servi\u00e7o da paz, precursora da Uni\u00e3o Europ\u00e9ia.  <strong>A manifesta\u00e7\u00e3o \u201cJuntos pela Europa\u201d ser\u00e1 precedida e preparada pelo Congresso \u201cJuntos a caminho\u201d,<\/strong> para respons\u00e1veis e colaboradores de Movimentos e comunidades \u2013 Stuttgart, 10 e 11 de maio de 2007. Com mais de 20 f\u00f3runs e 16 mesas-redondas ser\u00e3o abordadas numerosas tem\u00e1ticas, entre as quais, evangeliza\u00e7\u00e3o, ecumenismo, matrim\u00f4nio e fam\u00edlia, defesa da vida, empenho pol\u00edtico, imigra\u00e7\u00e3o, economia, ambiente, meios de comunica\u00e7\u00e3o, paz e justi\u00e7a.  <strong>Promotores do evento<\/strong>: <em>Friedrich Aschoff<\/em>, <strong>Renova\u00e7\u00e3o Carism\u00e1tica<\/strong> na Igreja evang\u00e9lica na Alemanha; <em>Christophe D\u2019Aloisio<\/em>, <strong>Syndesmos<\/strong> \u2013 Fraternidade de 126 grupos juvenis ortodoxos; <em>Nicky Gumbel<\/em>, <strong>Alpha International<\/strong> &#8211; Cursos de evangeliza\u00e7\u00e3o surgidos na Igreja anglicana da Inglaterra; <em>Chiara Lubich<\/em>, <strong>Movimento dos Focolares<\/strong>; <em>Michael J. Marmann<\/em>, <strong>Movimento de Sch\u00f6nstatt<\/strong> (cat\u00f3lico); <em>Helmut Nicklas<\/em>, <strong>ACM (Associa\u00e7\u00e3o Crist\u00e3 de Mo\u00e7os)<\/strong>, associa\u00e7\u00e3o ecum\u00eanica internacional de jovens crist\u00e3os; <em>Ulrich Parzany<\/em>, <strong>Pro Christ<\/strong>, iniciativa de evangeliza\u00e7\u00e3o surgida na Igreja evang\u00e9lico-luterana; <em>Gerhard Pross<\/em>, <strong>Coordena\u00e7\u00e3o dos encontros peri\u00f3dicos de respons\u00e1veis de Movimentos e Comunidades evang\u00e9licos<\/strong>; <em>Andrea Riccardi<\/em>, <strong>Comunidade de Santo Eg\u00eddio<\/strong>; <em>Thomas R\u00f6mer<\/em>, <strong>ACM de Munique<\/strong>; <em>G\u00e9rard Testard<\/em>, <strong>Fondacio<\/strong> \u2013 comunidade nascida na Igreja cat\u00f3lica na Fran\u00e7a; <em>Sr. Anna-Maria aus der Wiesche<\/em>, <em>Fraternidade de Cristo de Selbitz<\/em>, nascida na Igreja evang\u00e9lico-luterana.  Para saber mais: <a href=\"http:\/\/www.europ2007.org\/\">www.europ2007.org<\/a>.<\/p>\n","protected":false},"excerpt":{"rendered":"<p>Por uma cultura de comunh\u00e3o a partir da fam\u00edlia e da cidade, da economia e do trabalho, de novas e antigas pobrezas, da justi\u00e7a e da paz.<\/p>\n","protected":false},"author":34,"featured_media":0,"comment_status":"open","ping_status":"open","sticky":false,"template":"","format":"standard","meta":{"give_campaign_id":0,"_seopress_robots_primary_cat":"","_seopress_titles_title":"","_seopress_titles_desc":"","_seopress_robots_index":"","_et_pb_use_builder":"","_et_pb_old_content":"","_et_gb_content_width":"","footnotes":""},"categories":[129],"tags":[],"class_list":["post-299968","post","type-post","status-publish","format-standard","hentry","category-sem-categoria"],"_links":{"self":[{"href":"https:\/\/www.focolare.org\/pt-pt\/wp-json\/wp\/v2\/posts\/299968","targetHints":{"allow":["GET"]}}],"collection":[{"href":"https:\/\/www.focolare.org\/pt-pt\/wp-json\/wp\/v2\/posts"}],"about":[{"href":"https:\/\/www.focolare.org\/pt-pt\/wp-json\/wp\/v2\/types\/post"}],"author":[{"embeddable":true,"href":"https:\/\/www.focolare.org\/pt-pt\/wp-json\/wp\/v2\/users\/34"}],"replies":[{"embeddable":true,"href":"https:\/\/www.focolare.org\/pt-pt\/wp-json\/wp\/v2\/comments?post=299968"}],"version-history":[{"count":0,"href":"https:\/\/www.focolare.org\/pt-pt\/wp-json\/wp\/v2\/posts\/299968\/revisions"}],"wp:attachment":[{"href":"https:\/\/www.focolare.org\/pt-pt\/wp-json\/wp\/v2\/media?parent=299968"}],"wp:term":[{"taxonomy":"category","embeddable":true,"href":"https:\/\/www.focolare.org\/pt-pt\/wp-json\/wp\/v2\/categories?post=299968"},{"taxonomy":"post_tag","embeddable":true,"href":"https:\/\/www.focolare.org\/pt-pt\/wp-json\/wp\/v2\/tags?post=299968"}],"curies":[{"name":"wp","href":"https:\/\/api.w.org\/{rel}","templated":true}]}}