{"id":299972,"date":"2007-05-09T22:00:00","date_gmt":"2007-05-09T20:00:00","guid":{"rendered":"https:\/\/www.focolare.org\/a-atmosfera-da-europa-pode-mudar-movimentos-e-comunidades-cristas-preparam-a-manifestacao-juntos-pela-europa-em-estugarda\/"},"modified":"2024-05-13T21:09:40","modified_gmt":"2024-05-13T19:09:40","slug":"a-atmosfera-da-europa-pode-mudar-movimentos-e-comunidades-cristas-preparam-a-manifestacao-juntos-pela-europa-em-estugarda","status":"publish","type":"post","link":"https:\/\/www.focolare.org\/pt-pt\/a-atmosfera-da-europa-pode-mudar-movimentos-e-comunidades-cristas-preparam-a-manifestacao-juntos-pela-europa-em-estugarda\/","title":{"rendered":"\u201cA atmosfera da Europa pode mudar\u201d: movimentos e comunidades crist\u00e3s preparam a manifesta\u00e7\u00e3o \u201cJuntos pela Europa\u201d em Estugarda"},"content":{"rendered":"<p><strong>\u201cA atmosfera espiritual da Europa pode mudar\u201d,<\/strong> afirmou esta manh\u00e3 Gerhard Pross, um crist\u00e3o evang\u00e9lico de YMCA da Alemanha, diante das 3000 pessoas que enchem a sala Liederhalle de Estugarda.<strong><strong><img decoding=\"async\" src=\"https:\/\/www.focolare.org\/wp-content\/uploads\/layout\/edit\/foto\/foto2007\/070503-05.jpg\" border=\"0\" alt=\"\" hspace=\"5\" vspace=\"5\" align=\"right\" \/><\/strong><\/strong>  Transcrevemos a reportagem feita pela Radio Vaticana:  <strong>Mais do que um congresso, em Estugarda<\/strong>, \u00e9 uma experi\u00eancia profunda a que estamos aqui a viver. N\u00e3o s\u00e3o palavras, \u00e9 o relato surpreendente, desconhecido pela maioria, de tudo aquilo que o Esp\u00edrito Santo est\u00e1 a fazer na Europa. \u00c9 o forte testemunho de um chamamento de Deus \u2013 comentou Gerhard Pross \u2013 a sairmos da pr\u00f3pria concha para levar uma nova vida ao deserto da nossa sociedade, \u2018Uma sociedade que j\u00e1 perdeu a esperan\u00e7a de que a atmosfera da Europa possa mudar. Onde ir buscar a for\u00e7a? A Jesus Cristo. \u00c9 Ele a fonte das grandes riquezas espirituais que experimentamos\u2019\u201d\u2013 continuou, citando as palavras proferidas pelo Papa Bento XVI.  <strong>Uma experi\u00eancia que \u00e9 tanto mais forte quanto maior for a viv\u00eancia de um caminho de comunh\u00e3o<\/strong>. De facto, \u201cJuntos pela Europa\u201d, mais do que o programa de uma manifesta\u00e7\u00e3o, \u00e9 a experi\u00eancia de um caminho em cont\u00ednuo crescimento, n\u00e3o s\u00f3 em expans\u00e3o mas tamb\u00e9m em profundidade, entre movimentos, comunidades cat\u00f3licas e evang\u00e9licas, ortodoxas, anglicanas e Igrejas livres de toda a Europa. Um caminho iniciado em 1999, assinalado por uma etapa importante: 2004 foi o primeiro Congresso preparat\u00f3rio \u00e0 primeira manifesta\u00e7\u00e3o realizada em Estugarda.  <strong>\u201cDeus \u00e9 o actor deste \u2018caminho\u2019 \u2013 prosseguiu Pross<\/strong> \u2013. Foi Ele que preparou reservat\u00f3rios da Gra\u00e7a onde as pessoas do nosso tempo, sedentas de uma vida mais profunda, se podem abastecer. \u00c9 surpreendente a quantidade de frutos deste caminho. Leipzig: 16 movimentos juntos s\u00e3o um sinal de reconcilia\u00e7\u00e3o para os n\u00e3o crentes. Um novo impulso para ultrapassar os medos e desconfian\u00e7as entre a Alemanha Oriental e a Ocidental que ainda persistem. Alb\u00e2nia: num encontro an\u00e1logo est\u00e3o presentes tamb\u00e9m pessoas do Kosovo: \u201cUm raio de luz\u201d. Copenhaga, na Dinamarca: ajudam a desmantelar preconceitos entre cat\u00f3licos e protestantes. Su\u00ed\u00e7a: uma grande jornada com 48.000 pessoas. Est\u00e3o presentes as bandeiras das 2008 C\u00e2maras europeias. D\u00e1-se in\u00edcio a um movimento de ora\u00e7\u00e3o nacional, sinal de um esp\u00edrito renovado de f\u00e9 e reconcilia\u00e7\u00e3o. Esta manh\u00e3 foi feita uma medita\u00e7\u00e3o sobre a espiritualidade da unidade com a leitura de um tema de Chiara Lubich. Esta tarde os participantes distribuem-se pelos 20 F\u00f3runs sobre alguns temas sociais e espirituais. Carla Cotignoli para a Radio Vaticana<\/p>\n","protected":false},"excerpt":{"rendered":"<p>3000 pessoas est\u00e3o j\u00e1 reunidas na Liederhalle de Estugarda. S\u00e3o animadores de movimentos e comunidades de toda a Europa, de diferentes Igrejas, que vieram de todas as partes do Velho Continente para o Congresso que precede e prepara a grande manifesta\ufffd<\/p>\n","protected":false},"author":34,"featured_media":0,"comment_status":"open","ping_status":"open","sticky":false,"template":"","format":"standard","meta":{"give_campaign_id":0,"_seopress_robots_primary_cat":"","_seopress_titles_title":"","_seopress_titles_desc":"","_seopress_robots_index":"","_et_pb_use_builder":"","_et_pb_old_content":"","_et_gb_content_width":"","footnotes":""},"categories":[129],"tags":[],"class_list":["post-299972","post","type-post","status-publish","format-standard","hentry","category-sem-categoria"],"_links":{"self":[{"href":"https:\/\/www.focolare.org\/pt-pt\/wp-json\/wp\/v2\/posts\/299972","targetHints":{"allow":["GET"]}}],"collection":[{"href":"https:\/\/www.focolare.org\/pt-pt\/wp-json\/wp\/v2\/posts"}],"about":[{"href":"https:\/\/www.focolare.org\/pt-pt\/wp-json\/wp\/v2\/types\/post"}],"author":[{"embeddable":true,"href":"https:\/\/www.focolare.org\/pt-pt\/wp-json\/wp\/v2\/users\/34"}],"replies":[{"embeddable":true,"href":"https:\/\/www.focolare.org\/pt-pt\/wp-json\/wp\/v2\/comments?post=299972"}],"version-history":[{"count":0,"href":"https:\/\/www.focolare.org\/pt-pt\/wp-json\/wp\/v2\/posts\/299972\/revisions"}],"wp:attachment":[{"href":"https:\/\/www.focolare.org\/pt-pt\/wp-json\/wp\/v2\/media?parent=299972"}],"wp:term":[{"taxonomy":"category","embeddable":true,"href":"https:\/\/www.focolare.org\/pt-pt\/wp-json\/wp\/v2\/categories?post=299972"},{"taxonomy":"post_tag","embeddable":true,"href":"https:\/\/www.focolare.org\/pt-pt\/wp-json\/wp\/v2\/tags?post=299972"}],"curies":[{"name":"wp","href":"https:\/\/api.w.org\/{rel}","templated":true}]}}