{"id":299974,"date":"2007-05-10T22:00:00","date_gmt":"2007-05-10T20:00:00","guid":{"rendered":"https:\/\/www.focolare.org\/o-amor-e-a-justica-trazidos-pelo-evangelho-caminho-para-criar-estruturas-que-permitam-um-crescimento-integral-humano-e-espiritual\/"},"modified":"2024-05-13T21:09:40","modified_gmt":"2024-05-13T19:09:40","slug":"o-amor-e-a-justica-trazidos-pelo-evangelho-caminho-para-criar-estruturas-que-permitam-um-crescimento-integral-humano-e-espiritual","status":"publish","type":"post","link":"https:\/\/www.focolare.org\/pt-pt\/o-amor-e-a-justica-trazidos-pelo-evangelho-caminho-para-criar-estruturas-que-permitam-um-crescimento-integral-humano-e-espiritual\/","title":{"rendered":"O amor e a justi\u00e7a trazidos pelo Evangelho, caminho para \u201ccriar estruturas que permitam um crescimento integral, humano e espiritual\u201d"},"content":{"rendered":"<p>\u201c<em>Eis que estou \u00e0 porta e bato. Se algu\u00e9m escuta a minha voz e abre a porta eu virei a ele, cearei com ele e ele comigo<\/em>. <em>S\u00e3o palavras divinas que chegam ao fundo da alma, que fazem estremecer at\u00e9 as suas ra\u00edzes mais profundas<\/em>\u201d. Tais palavras foram pronunciadas no dia 12 de maio pelo Papa Bento XVI na Fazenda da Esperan\u00e7a. Localizada a duas horas de S\u00e3o Paulo, a Fazenda \u00e9 uma obra social para a recupera\u00e7\u00e3o de dependentes qu\u00edmicos, alco\u00f3latras, m\u00e3es solteiras, surgida em 1983. Hoje existem 42 centros no Brasil e em outras oito na\u00e7\u00f5es, entre as quais a Alemanha e a R\u00fassia.  <strong><strong><img loading=\"lazy\" decoding=\"async\" src=\"https:\/\/www.focolare.org\/wp-content\/uploads\/layout\/edit\/foto\/foto2007\/070518-03.jpg\" border=\"0\" alt=\"\" hspace=\"5\" vspace=\"5\" width=\"200\" height=\"229\" align=\"right\" \/><\/strong>O Papa toca logo o centro da experi\u00eancia dos jovens<\/strong> que o escutam: \u201c<em>Num certo momento da vida, Jesus vem e bate, com toques suaves, no profundo dos cora\u00e7\u00f5es bem dispostos. Com voc\u00eas ele o fez por meio de uma pessoa amiga ou de um sacerdote, ou, quem sabe, preparou uma s\u00e9rie de coincid\u00eancias para fazer com que entendessem que voc\u00eas s\u00e3o objeto da predile\u00e7\u00e3o divina<\/em>\u201d. Sim, \u00e9 exatamente o que os jovens h\u00f3spedes da Fazenda experimentam, eles n\u00e3o apenas \u2013 como continua o Papa \u2013 \u201cconseguem se libertar da depend\u00eancia das drogas e do \u00e1lcool, mas encontram Deus e a participa\u00e7\u00e3o ativa \u00e0 vida da Igreja\u201d, e para eles \u2013 at\u00e9 hoje s\u00e3o dez mil &#8211; abre-se o caminho da esperan\u00e7a.  <strong>Bento XVI exprime a \u201cadmira\u00e7\u00e3o por esta Obra<\/strong> que tem como fundamento espiritual o carisma de S\u00e3o Francisco e a espiritualidade do Movimento dos Focolares\u201d. O esp\u00edrito da Fazenda est\u00e1 em profunda sintonia com a forte mensagem lan\u00e7ada no Brasil, para toda a Am\u00e9rica Latina, especialmente no discurso de abertura da V Confer\u00eancia geral do episcopado latino-americano. Como afirmou Pe. Federico Lombardi, diretor da Sala de Imprensa do Vaticano, o Papa \u201cenfrentou os desafios devidos as grandes injusti\u00e7as e desequil\u00edbrios desse continente, com uma chave crist\u00e3\u201d. E indicou, mais uma vez, nos \u201cvalores de amor e de justi\u00e7a trazidos pelo Evangelho e pelo an\u00fancio da Igreja\u201d, o caminho para \u201ccriar estruturas de car\u00e1ter social, econ\u00f4mico e pol\u00edtico, que permitam um crescimento integral, humano e espiritual\u201d.  \u201c<strong>Tudo aquilo que fizestes a um destes meus irm\u00e3os mais pequeninos, a mim o fizestes<\/strong>\u201d. Foi vivendo estas palavras com simples gestos cotidianos que nasceu a Fazenda da Esperan\u00e7a, por meio de pessoas \u2013 um franciscano alem\u00e3o, Hans Stapel, e um jovem brasileiro, Nelson Giovanelli \u2013 que sem tra\u00e7ar nenhum programa, dia ap\u00f3s dia, deixaram-se guiar pelo Esp\u00edrito Santo.<\/p>\n","protected":false},"excerpt":{"rendered":"<p>Durante a viagem ao Brasil, Bento XVI deslocar-se-\u00e1 a Guaratinguet\u00e1, (S\u00e3o Paulo), casa-m\u00e3e das comunidades de recupera\u00e7\u00e3o para jovens em dificuldades, fundada pelo Frei Hans Stapel, inspirado na espiritualidade dos Focolares<\/p>\n","protected":false},"author":34,"featured_media":0,"comment_status":"open","ping_status":"open","sticky":false,"template":"","format":"standard","meta":{"give_campaign_id":0,"_seopress_robots_primary_cat":"","_seopress_titles_title":"","_seopress_titles_desc":"","_seopress_robots_index":"","_et_pb_use_builder":"","_et_pb_old_content":"","_et_gb_content_width":"","footnotes":""},"categories":[129],"tags":[],"class_list":["post-299974","post","type-post","status-publish","format-standard","hentry","category-sem-categoria"],"_links":{"self":[{"href":"https:\/\/www.focolare.org\/pt-pt\/wp-json\/wp\/v2\/posts\/299974","targetHints":{"allow":["GET"]}}],"collection":[{"href":"https:\/\/www.focolare.org\/pt-pt\/wp-json\/wp\/v2\/posts"}],"about":[{"href":"https:\/\/www.focolare.org\/pt-pt\/wp-json\/wp\/v2\/types\/post"}],"author":[{"embeddable":true,"href":"https:\/\/www.focolare.org\/pt-pt\/wp-json\/wp\/v2\/users\/34"}],"replies":[{"embeddable":true,"href":"https:\/\/www.focolare.org\/pt-pt\/wp-json\/wp\/v2\/comments?post=299974"}],"version-history":[{"count":0,"href":"https:\/\/www.focolare.org\/pt-pt\/wp-json\/wp\/v2\/posts\/299974\/revisions"}],"wp:attachment":[{"href":"https:\/\/www.focolare.org\/pt-pt\/wp-json\/wp\/v2\/media?parent=299974"}],"wp:term":[{"taxonomy":"category","embeddable":true,"href":"https:\/\/www.focolare.org\/pt-pt\/wp-json\/wp\/v2\/categories?post=299974"},{"taxonomy":"post_tag","embeddable":true,"href":"https:\/\/www.focolare.org\/pt-pt\/wp-json\/wp\/v2\/tags?post=299974"}],"curies":[{"name":"wp","href":"https:\/\/api.w.org\/{rel}","templated":true}]}}