{"id":299994,"date":"2007-08-14T22:00:00","date_gmt":"2007-08-14T20:00:00","guid":{"rendered":"https:\/\/www.focolare.org\/suica-chiara-lubich-cidada-honoraria-de-mollens-e-encontro-sobre-politica-dos-jovens-para-os-jovens\/"},"modified":"2024-05-13T21:09:42","modified_gmt":"2024-05-13T19:09:42","slug":"suica-chiara-lubich-cidada-honoraria-de-mollens-e-encontro-sobre-politica-dos-jovens-para-os-jovens","status":"publish","type":"post","link":"https:\/\/www.focolare.org\/pt-pt\/suica-chiara-lubich-cidada-honoraria-de-mollens-e-encontro-sobre-politica-dos-jovens-para-os-jovens\/","title":{"rendered":"Su\u00ed\u00e7a: Chiara Lubich, cidad\u00e3 honor\u00e1ria de Mollens e encontro sobre pol\u00edtica dos jovens para os jovens."},"content":{"rendered":"<p>\u00a0  <em>\u201cDesde 1974 Chiara Lubich passa o ver\u00e3o em Mollens, e estamos honrados em acolher esta personalidade reconhecida internacionalmente, comprometida em favor da paz e da fraternidade universal entre todos os povos\u201d.<em><img decoding=\"async\" src=\"https:\/\/www.focolare.org\/wp-content\/uploads\/layout\/edit\/foto\/foto2007\/070818-01.jpg\" border=\"0\" alt=\"\" hspace=\"5\" vspace=\"5\" align=\"right\" \/><\/em> <\/em> Estas s\u00e3o as motiva\u00e7\u00f5es do reconhecimento dado na pequena cidade de montanha, na regi\u00e3o do Valais.  Na Su\u00ed\u00e7a, dia 25 e 26 de agosto, acontecer\u00e1 um outro evento que envolve especialmente os jovens e a pol\u00edtica. Trata-se do \u201cPolitcs-Party\u201d: uma iniciativa inspirada no pensamento de Chiara Lubich. D\u00e1 prosseguimento a outros encontros com personalidades do mundo pol\u00edtico su\u00ed\u00e7o, entre as quais o prefeito de Mollens, que declarou, em uma entrevista:  <em>\u201cO Movimento Pol\u00edtico pela Unidade \u00e9 um desafio formid\u00e1vel, porque prop\u00f5e uma vis\u00e3o muito diferente daquela pol\u00edtica que conhecemos. A fraternidade tem a proemin\u00eancia sobre a pol\u00edtica e opta-se pelo di\u00e1logo ao inv\u00e9s do confronto dial\u00e9tico e da discuss\u00e3o. E isto nos diversos n\u00edveis do empenho pol\u00edtico. Parece-me que o envolvimento dos nossos jovens nesta discuss\u00e3o signifique uma abertura significativa para o futuro, porque n\u00e3o devemos esquecer que um dia ser\u00e3o eles que decidir\u00e3o sobre a pol\u00edtica\u201d. <\/em><\/p>\n","protected":false},"excerpt":{"rendered":"<p>A cidadania ser\u00e1 entregue s\u00e1bado, dia 18 de agosto de 2007, na Prefeitura Municipal; dias 25 e 26 de agosto o encontro \u201cPolitics-Party\u201d<\/p>\n","protected":false},"author":34,"featured_media":0,"comment_status":"open","ping_status":"open","sticky":false,"template":"","format":"standard","meta":{"give_campaign_id":0,"_seopress_robots_primary_cat":"","_seopress_titles_title":"","_seopress_titles_desc":"","_seopress_robots_index":"","_et_pb_use_builder":"","_et_pb_old_content":"","_et_gb_content_width":"","footnotes":""},"categories":[129],"tags":[],"class_list":["post-299994","post","type-post","status-publish","format-standard","hentry","category-sem-categoria"],"_links":{"self":[{"href":"https:\/\/www.focolare.org\/pt-pt\/wp-json\/wp\/v2\/posts\/299994","targetHints":{"allow":["GET"]}}],"collection":[{"href":"https:\/\/www.focolare.org\/pt-pt\/wp-json\/wp\/v2\/posts"}],"about":[{"href":"https:\/\/www.focolare.org\/pt-pt\/wp-json\/wp\/v2\/types\/post"}],"author":[{"embeddable":true,"href":"https:\/\/www.focolare.org\/pt-pt\/wp-json\/wp\/v2\/users\/34"}],"replies":[{"embeddable":true,"href":"https:\/\/www.focolare.org\/pt-pt\/wp-json\/wp\/v2\/comments?post=299994"}],"version-history":[{"count":0,"href":"https:\/\/www.focolare.org\/pt-pt\/wp-json\/wp\/v2\/posts\/299994\/revisions"}],"wp:attachment":[{"href":"https:\/\/www.focolare.org\/pt-pt\/wp-json\/wp\/v2\/media?parent=299994"}],"wp:term":[{"taxonomy":"category","embeddable":true,"href":"https:\/\/www.focolare.org\/pt-pt\/wp-json\/wp\/v2\/categories?post=299994"},{"taxonomy":"post_tag","embeddable":true,"href":"https:\/\/www.focolare.org\/pt-pt\/wp-json\/wp\/v2\/tags?post=299994"}],"curies":[{"name":"wp","href":"https:\/\/api.w.org\/{rel}","templated":true}]}}