{"id":299996,"date":"2007-08-15T22:00:00","date_gmt":"2007-08-15T20:00:00","guid":{"rendered":"https:\/\/www.focolare.org\/helmut-nicklas-seu-desempenho-na-comunhao-entre-os-movimentos-cristaos-foi-decisivo\/"},"modified":"2024-05-13T21:09:42","modified_gmt":"2024-05-13T19:09:42","slug":"helmut-nicklas-seu-desempenho-na-comunhao-entre-os-movimentos-cristaos-foi-decisivo","status":"publish","type":"post","link":"https:\/\/www.focolare.org\/pt-pt\/helmut-nicklas-seu-desempenho-na-comunhao-entre-os-movimentos-cristaos-foi-decisivo\/","title":{"rendered":"Helmut Nicklas: seu \u201cdesempenho na comunh\u00e3o entre os movimentos crist\u00e3os foi decisivo&#8221;"},"content":{"rendered":"<p>\u00a0  <strong><img loading=\"lazy\" decoding=\"async\" src=\"https:\/\/www.focolare.org\/wp-content\/uploads\/layout\/edit\/foto\/foto2007\/070816-02.jpg\" border=\"0\" alt=\"\" hspace=\"5\" vspace=\"5\" width=\"200\" height=\"158\" align=\"right\" \/>\u201cHelmut Nicklas era verdadeiramente uma pessoa carism\u00e1tica<\/strong> pela capacidade de escutar a voz e Deus e segui-lo com radicalismo\u201d. Palavras de Chiara Lubich na mensagem lida na Igreja de S\u00e3o Mateus, catedral Evang\u00e9lica Luterana de Munique, sexta-feira, 17 de agosto de 2007, durante a \u00faltima sauda\u00e7\u00e3o a este \u201cestimado amigo e verdadeiro irm\u00e3o\u201d, que com \u201cardor\u201d dedicou a sua vida \u00e0 unidade.  <strong>Helmut Nicklas concluiu a sua viagem terrena no domingo, 12 de agosto,<\/strong> ap\u00f3s uma dolorosa doen\u00e7a que o atingiu h\u00e1 mais de um ano. Tinha 68 anos. Nasceu em Nabburg (Alemanha), era casado e tinha dois filhos. De 1971 a 2002 foi o respons\u00e1vel pela ACM de Munique (Associa\u00e7\u00e3o ecum\u00eanica de jovens crist\u00e3os). De 1982 a 1998 assumiu tamb\u00e9m o cargo de vice-presidente da YMCA World-Urban-Network (que congrega mais de 2 mil associa\u00e7\u00f5es, em todo o mundo), e a partir de 1985 foi membro da Advisory Bord da International Carismatic Consultation.  <strong><img loading=\"lazy\" decoding=\"async\" src=\"https:\/\/www.focolare.org\/wp-content\/uploads\/layout\/edit\/foto\/foto2004\/20040124d.jpg\" border=\"0\" alt=\"\" hspace=\"5\" vspace=\"5\" width=\"200\" height=\"140\" align=\"left\" \/>Chiara Lubich destacou o seu \u201cdesempenho decisivo\u201d no caminho da comunh\u00e3o entre movimentos e comunidades de v\u00e1rias Igrejas<\/strong>, o que foi testemunhado pela consistente presen\u00e7a de representantes de comunidades e movimentos cat\u00f3licos durante o funeral, e as mensagens enviadas pela Comunidade de Santo Eg\u00eddio e Sch\u00f6nstatt.  <strong>Tal caminho de comunh\u00e3o, iniciado em 1999,<\/strong> teve seu florescimento nas grandes manifesta\u00e7\u00f5es denominadas \u201cJuntos pela Europa\u201d, realizadas em Stuttgart (Alemanha), em 2004 e em maio deste ano, para contribuir a \u201cdar uma alma\u201d ao continente europeu e superar desaven\u00e7as e barreiras.  <strong>\u00a0<\/strong> <\/p>\n<div><strong>Ainda nos anos 60 houve um\u00a0 primeiro encontro entre Chiara e Helmut.<\/strong><\/div>\n<div><strong>Em seguida transcrevemos a \u00edntegra da <strong>mensagem de Chiara Lubich<\/strong>:<\/strong><\/div>\n<p> <strong>\u00a0  <\/strong>  <em>&#8220;Ap\u00f3s muitos anos, revi Helmut Nicklas em 1999, em Ottmaring, com v\u00e1rios respons\u00e1veis dos Movimentos evang\u00e9licos. Estava nascendo a comunh\u00e3o entre Movimentos de v\u00e1rias Igrejas. Desde ent\u00e3o esse caminho, do qual participamos, conheceu v\u00e1rias etapas em toda a Europa e fora dela, com grandes e hist\u00f3ricos desenvolvimentos do Povo de Deus.<\/em>  <em>E nas diversas etapas desse caminho de comunh\u00e3o Helmut teve sempre um papel decisivo.<\/em>  <em><img loading=\"lazy\" decoding=\"async\" src=\"http:\/\/ldap.focolare.org\/layout\/foto2004\/20040124d.jpg\" border=\"0\" alt=\"\" hspace=\"5\" vspace=\"5\" width=\"200\" height=\"140\" align=\"left\" \/>Exatamente na Igreja de S\u00e3o Mateus, no dia 8 de dezembro de 2001, houve um interc\u00e2mbio de dons espirituais que foi muito importante. Ap\u00f3s a minha palestra sobre o amor rec\u00edproco, Helmut convidou os 800 respons\u00e1veis de v\u00e1rios Movimentos presentes a fazer um &#8220;pacto de amor rec\u00edproco&#8221; (Jo 13,34). Este pacto, renovado em diversas ocasi\u00f5es, \u00e9 considerado o fundamento da comunh\u00e3o entre Movimentos e a acompanhar\u00e1 tamb\u00e9m no futuro.<\/em>  <em>Helmut era mesmo uma pessoa carism\u00e1tica pela capacidade de ouvir a voz de Deus e de segui-la com radicalismo. Essa capacidade o fez ter uma vis\u00e3o prospectiva e suscitou nele uma grande paix\u00e3o pela unidade.<\/em>  <em>Foi um verdadeiro servidor da comunh\u00e3o entre os Movimentos, algu\u00e9m que \u2013 como ele mesmo disse &#8211; deve ser capaz de esquecer de si e dos interesses da pr\u00f3pria comunidade, para servir todos. E deu o exemplo disso.<\/em>  <em>Todos n\u00f3s do Movimento dos Focolares levaremos Helmut Nicklas sempre no nosso cora\u00e7\u00e3o, como um amigo muito amado e um verdadeiro irm\u00e3o&#8221;.<\/em>  <strong>Durante a doen\u00e7a, Chiara esteve em constante contato com ele, por meio de membros do Movimento dos Focolares da Alemanha.<\/strong> Dois dias antes de sua morte foi visitado por Severin Schmid, na cl\u00ednica onde estava internado, em Munique. A Severin confiou quase um testamento que se refere exatamente \u00e0 comunh\u00e3o entre os movimentos:  \u201cVivemos momentos hist\u00f3ricos. S\u00e3o como sinais que nos indicar\u00e3o o caminho, inclusive no futuro. Devemos permanecer fi\u00e9is ao que Deus nos fez viver. Devemos contar essa hist\u00f3ria\u201d.  <strong>Helmut Nicklas era um dos delegados da Igreja evang\u00e9lica alem\u00e3 convidados para o Congresso Internacional <\/strong>que antecedeu o grande encontro dos movimentos e novas comunidades com o Papa Bento XVI, na v\u00e9spera da festa de Pentecostes de 2006.  Numa entrevista \u00e0 ag\u00eancia Zenit perguntaram-lhe o que existe em comum entre movimentos e comunidades evang\u00e9licos e cat\u00f3licos. Helmut Nicklas respondeu: \u201cCom os movimentos cat\u00f3licos nos une a forte convic\u00e7\u00e3o que os homens de hoje precisam de Jesus Cristo\u201d.<em> <\/em><\/p>\n","protected":false},"excerpt":{"rendered":"<p>Assim Chiara Lubich recordou esta \u201cpersonalidade carism\u00e1tica\u201d, membro da Igreja Evang\u00e9lica Luterana da Alemanha, um dos respons\u00e1veis pela ACM (Associa\u00e7\u00e3o Crist\u00e3 de Mo\u00e7os).<\/p>\n","protected":false},"author":34,"featured_media":0,"comment_status":"open","ping_status":"open","sticky":false,"template":"","format":"standard","meta":{"give_campaign_id":0,"_seopress_robots_primary_cat":"","_seopress_titles_title":"","_seopress_titles_desc":"","_seopress_robots_index":"","_et_pb_use_builder":"","_et_pb_old_content":"","_et_gb_content_width":"","footnotes":""},"categories":[129],"tags":[],"class_list":["post-299996","post","type-post","status-publish","format-standard","hentry","category-sem-categoria"],"_links":{"self":[{"href":"https:\/\/www.focolare.org\/pt-pt\/wp-json\/wp\/v2\/posts\/299996","targetHints":{"allow":["GET"]}}],"collection":[{"href":"https:\/\/www.focolare.org\/pt-pt\/wp-json\/wp\/v2\/posts"}],"about":[{"href":"https:\/\/www.focolare.org\/pt-pt\/wp-json\/wp\/v2\/types\/post"}],"author":[{"embeddable":true,"href":"https:\/\/www.focolare.org\/pt-pt\/wp-json\/wp\/v2\/users\/34"}],"replies":[{"embeddable":true,"href":"https:\/\/www.focolare.org\/pt-pt\/wp-json\/wp\/v2\/comments?post=299996"}],"version-history":[{"count":0,"href":"https:\/\/www.focolare.org\/pt-pt\/wp-json\/wp\/v2\/posts\/299996\/revisions"}],"wp:attachment":[{"href":"https:\/\/www.focolare.org\/pt-pt\/wp-json\/wp\/v2\/media?parent=299996"}],"wp:term":[{"taxonomy":"category","embeddable":true,"href":"https:\/\/www.focolare.org\/pt-pt\/wp-json\/wp\/v2\/categories?post=299996"},{"taxonomy":"post_tag","embeddable":true,"href":"https:\/\/www.focolare.org\/pt-pt\/wp-json\/wp\/v2\/tags?post=299996"}],"curies":[{"name":"wp","href":"https:\/\/api.w.org\/{rel}","templated":true}]}}