{"id":300006,"date":"2007-09-16T22:00:00","date_gmt":"2007-09-16T20:00:00","guid":{"rendered":"https:\/\/www.focolare.org\/em-viagem-rumo-a-unidade-da-humanidade-as-propostas-crista-e-gandhista\/"},"modified":"2024-05-13T21:09:56","modified_gmt":"2024-05-13T19:09:56","slug":"em-viagem-rumo-a-unidade-da-humanidade-as-propostas-crista-e-gandhista","status":"publish","type":"post","link":"https:\/\/www.focolare.org\/pt-pt\/em-viagem-rumo-a-unidade-da-humanidade-as-propostas-crista-e-gandhista\/","title":{"rendered":"\u201cEm viagem rumo a unidade da humanidade. As propostas crist\u00e3 e gandhista\u201d"},"content":{"rendered":"<p><strong><strong><img decoding=\"async\" src=\"https:\/\/www.focolare.org\/wp-content\/uploads\/layout\/edit\/foto\/foto2007\/070918-01.jpg\" alt=\"\" align=\"right\" border=\"0\" hspace=\"5\" vspace=\"5\" \/>O t\u00edtulo exprime muito bem o objetivo do Simp\u00f3sio <\/strong><\/strong>que reunir\u00e1 por tr\u00eas dias, no Centro Mari\u00e1polis do Movimentos dos Focolares, em Castelgandolfo (Roma), expoentes de institui\u00e7\u00f5es acad\u00eamicas e sociais gandhistas, como o Movimento Sarvodaya Illakiya Pannai, o Shanti Ashram a Gandhigram Rural University, provenientes do Tamil Nadu, no Sul da \u00cdndia.  <strong>O Simp\u00f3sio iniciar\u00e1 com um interc\u00e2mbio de propostas e concretiza\u00e7\u00f5es<\/strong> nos \u00e2mbitos da pedagogia, economia, pol\u00edtica, ecologia. Ser\u00e1 um novo aprofundamento do caminho empreendido h\u00e1 alguns anos entre expoentes da cultura inspirada no Mahatma Gandhi e no carisma da unidade, do Movimento dos Focolares.  <strong>Na pr\u00f3xima quarta-feira os participantes estar\u00e3o presentes na audi\u00eancia com o Papa<\/strong>, ap\u00f3s ter visitado o Pontif\u00edcio Conselho para o Di\u00e1logo Inter-religioso.  <strong>Em seguida est\u00e3o previstos encontros na Mari\u00e1polis de Loppiano e em Floren\u00e7a<\/strong>, cidade que possui uma voca\u00e7\u00e3o especial ao di\u00e1logo inter-religioso, para a paz entre os povos. Estar\u00e3o presentes representantes da Prefeitura e da Regi\u00e3o Toscana.  <strong><img loading=\"lazy\" decoding=\"async\" style=\"margin-top: 5px;margin-bottom: 5px;margin-right: 10px\" src=\"https:\/\/www.focolare.org\/wp-content\/uploads\/layout\/edit\/foto\/foto2007\/070920-03.jpg\" alt=\"\" width=\"200\" height=\"200\" align=\"left\" border=\"0\" hspace=\"5\" vspace=\"5\" \/>Estes eventos testemunhar\u00e3o que na \u00cdndia, onde n\u00e3o faltam epis\u00f3dios de intoler\u00e2ncia religiosa,<\/strong> como emerge das not\u00edcias sobre persegui\u00e7\u00f5es contra crist\u00e3os e mu\u00e7ulmanos, existe uma rede que une crist\u00e3os e hindus num di\u00e1logo fraterno, com reflexos no campo social e cultural.  <strong>De 20 a 23 de setembro<\/strong> a delega\u00e7\u00e3o indiana estar\u00e1 <strong>na regi\u00e3o Toscana<\/strong>, cumprindo uma intensa programa\u00e7\u00e3o: Interc\u00e2mbio de experi\u00eancias sobre a vida das cidades-testemunho do Movimento dos Focolares e do Shanti Ashram \u2013 na Mari\u00e1polis de Loppiano (Incisa Valdarno \u2013 Floren\u00e7a) \u2013 do dia 20 at\u00e9 a manh\u00e3 do dia 21.  &#8211; <strong>Congresso sobre \u201cA Cidade e a Paz\u201d<\/strong> \u2013 Floren\u00e7a, Cen\u00e1culo da Santa Cruz, 21 de setembro, 17h30 \u2013 Promovido pelo Movimento Pol\u00edtico pela Unidade (Focolares) \u2013 Centro Regional Toscana, Centro Internacional para Estudantes Estrangeiros \u201cGiorgio La Pira\u201d, Associa\u00e7\u00e3o Jovens por um Mundo Unido, com o patroc\u00ednio da Regi\u00e3o Toscana, da Prov\u00edncia e da Prefeitura de Floren\u00e7a.  &#8211;<strong> Encontro com o Conselho Regional para o di\u00e1logo inter-religioso e a paz entre as culturas<\/strong> \u2013 Floren\u00e7a, Presid\u00eancia da Junta Regional Toscana, Via Cavour, 18 \u2013 22 de setembro, 10h.<\/p>\n","protected":false},"excerpt":{"rendered":"<p>Uma delega\u00e7\u00e3o de expoentes de institui\u00e7\u00f5es culturais e sociais gandhistas visita a It\u00e1lia. Di\u00e1logo sobre pedagogia, economia, pol\u00edtica, ecologia e sobre a paz entre os povos.<\/p>\n","protected":false},"author":34,"featured_media":0,"comment_status":"open","ping_status":"open","sticky":false,"template":"","format":"standard","meta":{"give_campaign_id":0,"_seopress_robots_primary_cat":"","_seopress_titles_title":"","_seopress_titles_desc":"","_seopress_robots_index":"","_et_pb_use_builder":"","_et_pb_old_content":"","_et_gb_content_width":"","footnotes":""},"categories":[909],"tags":[],"class_list":["post-300006","post","type-post","status-publish","format-standard","hentry","category-focolare-worldwide-2-4"],"_links":{"self":[{"href":"https:\/\/www.focolare.org\/pt-pt\/wp-json\/wp\/v2\/posts\/300006","targetHints":{"allow":["GET"]}}],"collection":[{"href":"https:\/\/www.focolare.org\/pt-pt\/wp-json\/wp\/v2\/posts"}],"about":[{"href":"https:\/\/www.focolare.org\/pt-pt\/wp-json\/wp\/v2\/types\/post"}],"author":[{"embeddable":true,"href":"https:\/\/www.focolare.org\/pt-pt\/wp-json\/wp\/v2\/users\/34"}],"replies":[{"embeddable":true,"href":"https:\/\/www.focolare.org\/pt-pt\/wp-json\/wp\/v2\/comments?post=300006"}],"version-history":[{"count":0,"href":"https:\/\/www.focolare.org\/pt-pt\/wp-json\/wp\/v2\/posts\/300006\/revisions"}],"wp:attachment":[{"href":"https:\/\/www.focolare.org\/pt-pt\/wp-json\/wp\/v2\/media?parent=300006"}],"wp:term":[{"taxonomy":"category","embeddable":true,"href":"https:\/\/www.focolare.org\/pt-pt\/wp-json\/wp\/v2\/categories?post=300006"},{"taxonomy":"post_tag","embeddable":true,"href":"https:\/\/www.focolare.org\/pt-pt\/wp-json\/wp\/v2\/tags?post=300006"}],"curies":[{"name":"wp","href":"https:\/\/api.w.org\/{rel}","templated":true}]}}