{"id":300012,"date":"2007-10-02T22:00:00","date_gmt":"2007-10-02T20:00:00","guid":{"rendered":"https:\/\/www.focolare.org\/primavera-ecumenica-em-praga\/"},"modified":"2024-05-13T21:09:57","modified_gmt":"2024-05-13T19:09:57","slug":"primavera-ecumenica-em-praga","status":"publish","type":"post","link":"https:\/\/www.focolare.org\/pt-pt\/primavera-ecumenica-em-praga\/","title":{"rendered":"Primavera ecum\u00eanica em Praga"},"content":{"rendered":"<p><strong><em><img decoding=\"async\" src=\"https:\/\/www.focolare.org\/wp-content\/uploads\/layout\/edit\/foto\/foto2007\/071005-03.jpg\" border=\"0\" alt=\"\" hspace=\"5\" vspace=\"5\" align=\"left\" \/>\u201cEstamos assistindo \u00e0 primavera ecum\u00eanica de Praga\u201d.<\/em><\/strong> As palavras do bispo romeno ortodoxo da S\u00e9rvia, Daniil, exprimem a intensa experi\u00eancia de comunh\u00e3o vivida por 43 bispos amigos do Movimento dos Focolares, de 18 Igrejas, provenientes de 17 pa\u00edses de quatro continentes, participantes do seu 26\u00ba Congresso anual, de 20 a 27 de setembro de 2007, em Praga, crucial ponto de encontro, no cora\u00e7\u00e3o da Europa.  <strong>Pr\u00f3ximos encontros<\/strong>: em 2008, no L\u00edbano, marcado por graves tens\u00f5es; em 2009 em Wittemberg (Alemanha), cidade s\u00edmbolo do protestantismo.  <strong>Em suas celebra\u00e7\u00f5es e reflex\u00f5es os bispos debru\u00e7aram-se sobre a profunda transforma\u00e7\u00e3o da atualidade<\/strong>, convencidos de que os sofrimentos da humanidade de hoje podem gerar nas Igrejas um empenho ainda maior para levar ao mundo a luz do Evangelho.  <strong><em>\u201cA minha noite n\u00e3o conhece escurid\u00e3o: por uma cultura da ressurrei\u00e7\u00e3o\u201d<\/em><\/strong>, foi o tema do Congresso, ilustrado por uma palestra preparada por Chiara Lubich. Os bispos foram un\u00e2nimes em afirmar, no di\u00e1logo que concluiu o encontro, que tinham se realizado os votos expressos pela fundadora do Movimento dos Focolares: <em>\u201cQue vivam na luz!\u201d.<\/em>  <strong><strong><img decoding=\"async\" src=\"https:\/\/www.focolare.org\/wp-content\/uploads\/layout\/edit\/foto\/foto2007\/071005-02.jpg\" border=\"0\" alt=\"\" hspace=\"5\" vspace=\"5\" align=\"right\" \/><\/strong>O <em>\u201cDomingo ecum\u00eanico\u201d,<\/em> celebrado na Rep\u00fablica Tcheca, no dia 23 de setembro, foi o ponto alto da semana<\/strong>, enriquecida por aprofundamentos b\u00edblicos, encontros e visitas \u00e0s diversas comunidades crist\u00e3s, bem como aos tesouros art\u00edsticos e culturais de Praga. Na sede do Centro dedicado a Madre Teresa de Calcut\u00e1 os bispos reuniram-se com quatrocentos expoentes da vida civil e eclesial de Praga, cat\u00f3licos, ortodoxos, luteranos, evang\u00e9licos, metodistas, batistas, pentecostais, hussitas, membros da Igreja dos Velhos Cat\u00f3licos e da Igreja dos Irm\u00e3os.  <strong><em>\u201cA Europa estava deixando o s\u00e9culo XX com muitas feridas, externas e internas<\/em><\/strong> \u2013 afirmou, na ocasi\u00e3o, o bispo Christian Krause, ex-presidente da Federa\u00e7\u00e3o Luterana Mundial e, portanto, um dos signat\u00e1rios da Declara\u00e7\u00e3o conjunta cat\u00f3lico-luterana sobre a justifica\u00e7\u00e3o \u2013 <em>mas Deus interveio\u201d.<\/em> E recordou a \u201crevolu\u00e7\u00e3o de veludo\u201d de Praga e a queda do muro de Berlim, mas tamb\u00e9m a assinatura da Declara\u00e7\u00e3o, em 1999, em Augsburg (Alemanha), que fez com que desmoronassem s\u00e9culos de barreiras entre as duas denomina\u00e7\u00f5es.  <strong>O empenho pela reconcilia\u00e7\u00e3o e por um testemunho comum dos crist\u00e3os<\/strong>, sem esp\u00edrito de rivalidade, no seio da sociedade p\u00f3s-comunista, foi um exemplo luminoso exposto pelo presidente do Conselho ecum\u00eanico nacional das Igrejas, Dr. Pavel Cerny, e pelo bispo cat\u00f3lico Frantisek Radkovsky.  <strong>Muito aplaudidas as palavras de alguns bispos participantes do Congresso<\/strong>, que testemunharam a profunda comunh\u00e3o que os une na caridade fraterna, <em>\u201ccom Cristo entre n\u00f3s\u201d. \u201cRetornarei \u00e0 Austr\u00e1lia e levarei as outras Igrejas no meu cora\u00e7\u00e3o. Caminharei de m\u00e3os dadas com os outros bispos\u201d,<\/em> declarou o bispo anglicano David Murray, de Perth. <em>\u201cRealizamos um \u2018di\u00e1logo da vida\u2019<\/em> \u2013 afirmou o cardeal Miloslav Vlk, arcebispo de Praga e promotor do encontro \u2013 <em>evidenciando o que temos em comum, a come\u00e7ar pelo batismo. <em><img decoding=\"async\" src=\"https:\/\/www.focolare.org\/wp-content\/uploads\/layout\/edit\/foto\/foto2007\/071003-03.jpg\" border=\"0\" alt=\"\" hspace=\"5\" vspace=\"5\" align=\"right\" \/><\/em>N\u00e3o ignoramos as dificuldades que existem nas Igrejas e entre elas, mas experimentamos que o amor evang\u00e9lico, de modo especial o amor por Jesus crucificado e abandonado, d\u00e1 nova for\u00e7a para construirmos a comunh\u00e3o onde vivemos\u201d.<\/em><strong>Foi muito evidenciada a contribui\u00e7\u00e3o dos crist\u00e3os na constru\u00e7\u00e3o da Europa<\/strong>, assim como emergiu durante a III Assembl\u00e9ia Ecum\u00eanica da Europa, em Sibiu (Rom\u00eania), no m\u00eas de setembro, promovida pelas Igrejas da Europa (CCEE, Conselho das Confer\u00eancias Episcopais Europ\u00e9ias, e KEK, Confer\u00eancia das Igrejas crist\u00e3s da Europa), com 3 mil participantes, e no evento <em>\u201cJuntos pela Europa\u201d,<\/em> em 12 de maio passado, em Stuttgart (Alemanha), organizado por movimentos e comunidades das diversas Igrejas do continente europeu.  <strong>Marcantes os testemunhos dados por sacerdotes e leigos durante o Congresso.<\/strong> Nutridos pela espiritualidade do Movimento dos Focolares, desde os anos 60, tempo de persegui\u00e7\u00e3o, sustentaram a Igreja na ent\u00e3o Tchecoslov\u00e1quia, irradiando a vida evang\u00e9lica.  <strong><img decoding=\"async\" src=\"https:\/\/www.focolare.org\/wp-content\/uploads\/layout\/edit\/foto\/foto2007\/071003-04.jpg\" border=\"0\" alt=\"\" hspace=\"5\" vspace=\"5\" align=\"right\" \/>Um outro momento de grande intensidade espiritual foi vivido na catedral<\/strong>, com a celebra\u00e7\u00e3o da Missa cat\u00f3lica na hist\u00f3rica capela de S\u00e3o Venceslau. Os bispos recordaram os santos e m\u00e1rtires do in\u00edcio da na\u00e7\u00e3o Tcheca e as testemunhas v\u00edtimas do nazismo e do comunismo. Nesta circunst\u00e2ncia os bispos se propuseram a reconhecer o semblante do Crucificado na hist\u00f3ria pessoal e na de suas Igrejas, em uma escolha renovada, a \u00fanica que pode conduzir os crist\u00e3os \u00e0 t\u00e3o esperada comunh\u00e3o.<\/p>\n","protected":false},"excerpt":{"rendered":"<p>Concluiu-se o 26\u00ba Congresso ecum\u00eanico internacional dos bispos de v\u00e1rias Igrejas, amigos do Movimento dos Focolares<\/p>\n","protected":false},"author":34,"featured_media":0,"comment_status":"open","ping_status":"open","sticky":false,"template":"","format":"standard","meta":{"give_campaign_id":0,"_seopress_robots_primary_cat":"","_seopress_titles_title":"","_seopress_titles_desc":"","_seopress_robots_index":"","_et_pb_use_builder":"","_et_pb_old_content":"","_et_gb_content_width":"","footnotes":""},"categories":[909],"tags":[],"class_list":["post-300012","post","type-post","status-publish","format-standard","hentry","category-focolare-worldwide-2-4"],"_links":{"self":[{"href":"https:\/\/www.focolare.org\/pt-pt\/wp-json\/wp\/v2\/posts\/300012","targetHints":{"allow":["GET"]}}],"collection":[{"href":"https:\/\/www.focolare.org\/pt-pt\/wp-json\/wp\/v2\/posts"}],"about":[{"href":"https:\/\/www.focolare.org\/pt-pt\/wp-json\/wp\/v2\/types\/post"}],"author":[{"embeddable":true,"href":"https:\/\/www.focolare.org\/pt-pt\/wp-json\/wp\/v2\/users\/34"}],"replies":[{"embeddable":true,"href":"https:\/\/www.focolare.org\/pt-pt\/wp-json\/wp\/v2\/comments?post=300012"}],"version-history":[{"count":0,"href":"https:\/\/www.focolare.org\/pt-pt\/wp-json\/wp\/v2\/posts\/300012\/revisions"}],"wp:attachment":[{"href":"https:\/\/www.focolare.org\/pt-pt\/wp-json\/wp\/v2\/media?parent=300012"}],"wp:term":[{"taxonomy":"category","embeddable":true,"href":"https:\/\/www.focolare.org\/pt-pt\/wp-json\/wp\/v2\/categories?post=300012"},{"taxonomy":"post_tag","embeddable":true,"href":"https:\/\/www.focolare.org\/pt-pt\/wp-json\/wp\/v2\/tags?post=300012"}],"curies":[{"name":"wp","href":"https:\/\/api.w.org\/{rel}","templated":true}]}}