{"id":300032,"date":"2007-12-21T23:00:00","date_gmt":"2007-12-21T22:00:00","guid":{"rendered":"https:\/\/www.focolare.org\/feliz-natal-feliz-ano-novo-2\/"},"modified":"2024-05-13T21:09:59","modified_gmt":"2024-05-13T19:09:59","slug":"feliz-natal-feliz-ano-novo-2","status":"publish","type":"post","link":"https:\/\/www.focolare.org\/pt-pt\/feliz-natal-feliz-ano-novo-2\/","title":{"rendered":"Feliz Natal! Feliz Ano Novo!"},"content":{"rendered":"<p>&nbsp;  &nbsp;  <em> <\/em><a rel=\"attachment wp-att-47966\" href=\"https:\/\/www.focolare.org\/news\/2007\/12\/22\/buon-natale-e-felice-anno-nuovo-2\/giotto1-2\/\"><img loading=\"lazy\" decoding=\"async\" class=\"alignright\" style=\"border: 0pt none;margin: 5px\" src=\"..\/wp-content\/uploads\/2007\/12\/giotto11-175x200.jpg\" alt=\"\" width=\"175\" height=\"200\" \/><\/a><em>Quando um emigrante se  transfere para pa\u00edses long\u00ednquos, sem d\u00favida adapta-se ao novo  ambiente, mas leva para l\u00e1 os pr\u00f3prios usos e costumes.<\/em>  <em> <\/em>  <em>Quando o  Verbo de Deus se fez homem n\u00e3o deixou de se adaptar ao modo de viver do  mundo, e foi crian\u00e7a e filho exemplar, homem e trabalhador, mas trouxe o  modo de viver de sua p\u00e1tria celeste e quis que homens e coisas se  recompusessem segundo a lei do C\u00e9u: o amor.<\/em>  <em> Chiara Lubich <\/em><\/p>\n","protected":false},"excerpt":{"rendered":"<p>&#8230; quando il Verbo di Dio si \u00e8 fatto uomo, ha voluto che uomini e cose si ricomponessero secondo la legge del Cielo: l&#039;Amore &#8230;<\/p>\n","protected":false},"author":34,"featured_media":0,"comment_status":"open","ping_status":"open","sticky":false,"template":"","format":"standard","meta":{"give_campaign_id":0,"_seopress_robots_primary_cat":"","_seopress_titles_title":"","_seopress_titles_desc":"","_seopress_robots_index":"","_et_pb_use_builder":"","_et_pb_old_content":"","_et_gb_content_width":"","footnotes":""},"categories":[129],"tags":[],"class_list":["post-300032","post","type-post","status-publish","format-standard","hentry","category-sem-categoria"],"_links":{"self":[{"href":"https:\/\/www.focolare.org\/pt-pt\/wp-json\/wp\/v2\/posts\/300032","targetHints":{"allow":["GET"]}}],"collection":[{"href":"https:\/\/www.focolare.org\/pt-pt\/wp-json\/wp\/v2\/posts"}],"about":[{"href":"https:\/\/www.focolare.org\/pt-pt\/wp-json\/wp\/v2\/types\/post"}],"author":[{"embeddable":true,"href":"https:\/\/www.focolare.org\/pt-pt\/wp-json\/wp\/v2\/users\/34"}],"replies":[{"embeddable":true,"href":"https:\/\/www.focolare.org\/pt-pt\/wp-json\/wp\/v2\/comments?post=300032"}],"version-history":[{"count":0,"href":"https:\/\/www.focolare.org\/pt-pt\/wp-json\/wp\/v2\/posts\/300032\/revisions"}],"wp:attachment":[{"href":"https:\/\/www.focolare.org\/pt-pt\/wp-json\/wp\/v2\/media?parent=300032"}],"wp:term":[{"taxonomy":"category","embeddable":true,"href":"https:\/\/www.focolare.org\/pt-pt\/wp-json\/wp\/v2\/categories?post=300032"},{"taxonomy":"post_tag","embeddable":true,"href":"https:\/\/www.focolare.org\/pt-pt\/wp-json\/wp\/v2\/tags?post=300032"}],"curies":[{"name":"wp","href":"https:\/\/api.w.org\/{rel}","templated":true}]}}