{"id":300036,"date":"2008-01-06T23:00:00","date_gmt":"2008-01-06T22:00:00","guid":{"rendered":"https:\/\/www.focolare.org\/um-grande-designio-sustenta-a-familia\/"},"modified":"2024-05-13T21:10:00","modified_gmt":"2024-05-13T19:10:00","slug":"um-grande-designio-sustenta-a-familia","status":"publish","type":"post","link":"https:\/\/www.focolare.org\/pt-pt\/um-grande-designio-sustenta-a-familia\/","title":{"rendered":"Um grande des\u00edgnio sustenta a fam\u00edlia"},"content":{"rendered":"<p><strong>Quando Deus criou o g\u00eanero humano, plasmou uma fam\u00edlia<\/strong>.  Quando o Escritor sagrado quis manifestar o ardor e a fidelidade do amor de Deus  para com o povo eleito, serviu-se de s\u00edmbolos e analogias familiares. Quando  Jesus se encarnou, foi circundado por uma fam\u00edlia e quando, em Cana, iniciou a  sua miss\u00e3o, estava festejando o in\u00edcio de uma nova fam\u00edlia.  <strong>S\u00e3o constata\u00e7\u00f5es simples que revelam, por\u00e9m, a preciosidade e a  import\u00e2ncia da fam\u00edlia no pensamento de Deus<\/strong>. Ele n\u00e3o s\u00f3 lhe  atribuiu grande dignidade, como desejou que fosse \u201c\u00e0 Sua imagem\u201d, entrela\u00e7ando-a  com o mist\u00e9rio da Sua pr\u00f3pria vida, que \u00e9 Unidade e Trindade de Amor.  <strong>Portanto, um grande des\u00edgnio sustenta a fam\u00edlia<\/strong> e a faz  seguir os passos da Santa Fam\u00edlia de Nazar\u00e9. Espa\u00e7o de amor que parte e  retorna, de comunh\u00e3o, de fecundidade e ternura, a fam\u00edlia \u00e9 sinal, s\u00edmbolo,  modelo de toda e qualquer forma de associa\u00e7\u00e3o humana.  <strong>N\u00e3o \u00e9 ret\u00f3rico afirmar que a fam\u00edlia \u00e9 o primeiro bem  social. <\/strong>Na cotidiana gratuidade que d\u00e1 sentido e valor \u00e0s suas  fun\u00e7\u00f5es de gera\u00e7\u00e3o e educa\u00e7\u00e3o, a fam\u00edlia injeta no tecido social aquele bem  insubstitu\u00edvel que \u00e9 o capital humano, tornando-se assim um recurso eficaz da  humanidade. E n\u00e3o s\u00f3. Ela sabe abrir a casa e o cora\u00e7\u00e3o aos dramas que a  sociedade vive e sabe levar o calor familiar aos lugares em que as estruturas e  as institui\u00e7\u00f5es, mesmo com toda a boa vontade, n\u00e3o podem chegar.  <strong>Mas se o seu des\u00edgnio \u00e9 grandioso, igualmente grande deve ser o  compromisso de atu\u00e1-lo<\/strong>. Hoje, mais do que nunca, vemos a fam\u00edlia  revelar ao mundo a pr\u00f3pria fragilidade. Vemos esposos que, diante das  primeiras dificuldades da vida a dois, deixam de acreditar no pr\u00f3prio  amor. Vemos filhos que, privamos do conv\u00edvio dos pais, encontram dificuldade  em al\u00e7ar v\u00f4o rumo a um futuro s\u00f3lido. Vemos idosos que, afastados do n\u00facleo  familiar, se sentem sem cidadania e sem identidade.  <strong>Hoje, como nunca, a fam\u00edlia deve ser amada, protegida,  sustentada<\/strong>. \u00c9 preciso lembrar-se sempre e buscar for\u00e7as no seu des\u00edgnio  original, que a prev\u00ea unida \u201cpara sempre\u201d&#8230; uma dimens\u00e3o que a consolida e a  realiza. \u00c9 preciso dar significado \u00e0 vida familiar com uma espiritualidade de  comunh\u00e3o, cong\u00eanita \u00e0 fam\u00edlia, pequena comunidade de amor. S\u00e3o necess\u00e1rias  correntes de opini\u00e3o fundamentadas em valores, com pol\u00edticas familiares  correspondentes.  Estes s\u00e3o os votos que deponho nas m\u00e3os de Maria Sant\u00edssima, sede da  Sabedoria e m\u00e3e de fam\u00edlia, para o bem da fam\u00edlia hoje e para a realiza\u00e7\u00e3o de  toda a fam\u00edlia humana.<\/p>\n","protected":false},"excerpt":{"rendered":"<p>Mensagem de Chiara Lubich &#8211; Madri, 30.12.2007<\/p>\n","protected":false},"author":34,"featured_media":0,"comment_status":"open","ping_status":"open","sticky":false,"template":"","format":"standard","meta":{"give_campaign_id":0,"_seopress_robots_primary_cat":"","_seopress_titles_title":"","_seopress_titles_desc":"","_seopress_robots_index":"","_et_pb_use_builder":"","_et_pb_old_content":"","_et_gb_content_width":"","footnotes":""},"categories":[129],"tags":[],"class_list":["post-300036","post","type-post","status-publish","format-standard","hentry","category-sem-categoria"],"_links":{"self":[{"href":"https:\/\/www.focolare.org\/pt-pt\/wp-json\/wp\/v2\/posts\/300036","targetHints":{"allow":["GET"]}}],"collection":[{"href":"https:\/\/www.focolare.org\/pt-pt\/wp-json\/wp\/v2\/posts"}],"about":[{"href":"https:\/\/www.focolare.org\/pt-pt\/wp-json\/wp\/v2\/types\/post"}],"author":[{"embeddable":true,"href":"https:\/\/www.focolare.org\/pt-pt\/wp-json\/wp\/v2\/users\/34"}],"replies":[{"embeddable":true,"href":"https:\/\/www.focolare.org\/pt-pt\/wp-json\/wp\/v2\/comments?post=300036"}],"version-history":[{"count":0,"href":"https:\/\/www.focolare.org\/pt-pt\/wp-json\/wp\/v2\/posts\/300036\/revisions"}],"wp:attachment":[{"href":"https:\/\/www.focolare.org\/pt-pt\/wp-json\/wp\/v2\/media?parent=300036"}],"wp:term":[{"taxonomy":"category","embeddable":true,"href":"https:\/\/www.focolare.org\/pt-pt\/wp-json\/wp\/v2\/categories?post=300036"},{"taxonomy":"post_tag","embeddable":true,"href":"https:\/\/www.focolare.org\/pt-pt\/wp-json\/wp\/v2\/tags?post=300036"}],"curies":[{"name":"wp","href":"https:\/\/api.w.org\/{rel}","templated":true}]}}