{"id":300038,"date":"2008-01-11T23:00:00","date_gmt":"2008-01-11T22:00:00","guid":{"rendered":"https:\/\/www.focolare.org\/vamos-colorir-a-cidade-em-todos-os-continentes-uma-acao-do-movimento-juvenil-pela-unidade\/"},"modified":"2024-05-13T21:10:01","modified_gmt":"2024-05-13T19:10:01","slug":"vamos-colorir-a-cidade-em-todos-os-continentes-uma-acao-do-movimento-juvenil-pela-unidade","status":"publish","type":"post","link":"https:\/\/www.focolare.org\/pt-pt\/vamos-colorir-a-cidade-em-todos-os-continentes-uma-acao-do-movimento-juvenil-pela-unidade\/","title":{"rendered":"\u201cVamos colorir a cidade\u201d: em todos os continentes, uma a\u00e7\u00e3o do Movimento Juvenil pela Unidade"},"content":{"rendered":"<p><strong>A programa\u00e7\u00e3o \u00e9  exigente: a \u201cconquista\u201d da cidade<\/strong>. H\u00e1 alguns anos os jovens do  Movimento Juvenil pela Unidade resolveram arrega\u00e7ar as mangas nas pr\u00f3prias  cidades, aonde, como sabemos, est\u00e1 em jogo o grande desafio da conviv\u00eancia  humana.  <a rel=\"attachment wp-att-44340\" href=\"https:\/\/www.focolare.org\/news\/2008\/01\/12\/%e2%80%9ccoloriamo-le-citta%e2%80%9d-in-tutti-i-continenti-un%e2%80%99azione-dei-ragazzi-per-l%e2%80%99unita\/080112-03-2\/\"><img loading=\"lazy\" decoding=\"async\" class=\"alignright\" style=\"border: 0pt none;margin: 5px\" src=\"..\/wp-content\/uploads\/2008\/01\/080112-03.jpg\" alt=\"\" width=\"200\" height=\"200\" \/><\/a>  <strong>O lema \u00e9 \u201cColorir a cidade\u201d.<\/strong> O campo de a\u00e7\u00e3o preferencial  s\u00e3o as regi\u00f5es cinzentas das cidades. O objetivo: colori-las com a criatividade  do amor, nos cinco continentes, com um m\u00e9todo que se exprime no conceito:  \u201cPensar global e agir local\u201d, como a sociedade hoje exige.  <strong>Em Mil\u00e3o os jovens se dedicaram a um campo de refugiados<\/strong>. Em  Ruanda os objetivos s\u00e3o um orfanato, o departamento de pediatria de um hospital,  os aid\u00e9ticos. Na Calif\u00f3rnia (EUA), numa escola com tend\u00eancias racistas, fundaram  um clube para difundir a cultura do respeito pela diversidade. Na \u00cdndia, jovens  crist\u00e3os e hindus, juntos, procuram ajudar os jovens e adolescentes  deficientes.  <strong>Ma vamos ver o que aconteceu com um grupo de jovens  africanos<\/strong> que decidiram visitar as meninas do pres\u00eddio de Iringa, na  Tanz\u00e2nia:  <strong><a rel=\"attachment wp-att-44338\" href=\"https:\/\/www.focolare.org\/news\/2008\/01\/12\/%e2%80%9ccoloriamo-le-citta%e2%80%9d-in-tutti-i-continenti-un%e2%80%99azione-dei-ragazzi-per-l%e2%80%99unita\/080112-04-2\/\"><img loading=\"lazy\" decoding=\"async\" class=\"alignleft\" style=\"border: 0pt none;margin: 5px\" src=\"..\/wp-content\/uploads\/2008\/01\/080112-04.jpg\" alt=\"\" width=\"200\" height=\"200\" \/><\/a><\/strong><strong>\u00abA primeira  dificuldade que encontramos foi convencer os guardas a nos deixar  entrar<\/strong>. A segunda foi poder entregar a elas os presentes que hav\u00edamos  colocado em comum: frutas, sal, sab\u00e3o&#8230; mas tamb\u00e9m a \u201cPalavra de Vida\u201d, as  nossas experi\u00eancias e can\u00e7\u00f5es. Caminhamos por tr\u00eas quil\u00f4metros at\u00e9 chegar diante  dos guardas, no port\u00e3o de entrada. Eles estavam armados e n\u00e3o havia nem sombra  de um sorriso em seus rostos. Lembrando-nos que tamb\u00e9m neles dever\u00edamos  reconhecer a presen\u00e7a de Jesus, os cumprimentamos, sorrindo. \u201cTodas n\u00e3o podem  entrar. As que forem escolhidas n\u00e3o poder\u00e3o cantar l\u00e1 dentro\u201d&#8230; mas nos  deixaram entrar com os presentes.  <strong>Lemos a Palavra de Vida com as detentas<\/strong> e demos testemunho  da transforma\u00e7\u00e3o que ela produz em nossas vidas. Enquanto fal\u00e1vamos do amor de  Deus, que \u00e9 dirigido a todos, e que tamb\u00e9m n\u00f3s podemos retribuir a Ele, os  guardas escutavam em sil\u00eancio. No final, a alegria das presidi\u00e1rias explodiu em  cantos e dan\u00e7as: era a maneira de nos agradecer. Os guardas, sem palavras, se  interrogavam: \u201cQuem s\u00e3o esses jovens?\u201d. Voltamos para casa felizes, com for\u00e7as  renovadas para continuar colorindo a cidade\u00bb.  <em>Citt\u00e0 Nuova n. 1- 2008<\/em><\/p>\n","protected":false},"excerpt":{"rendered":"<p>Colorir as \u00e1reas cinzentas, com uma competi\u00e7\u00e3o para ver quem se doa mais. Adolescentes envolvidos em iniciativas voltadas \u00e0 constru\u00e7\u00e3o de rela\u00e7\u00f5es de fraternidade<\/p>\n","protected":false},"author":34,"featured_media":0,"comment_status":"open","ping_status":"open","sticky":false,"template":"","format":"standard","meta":{"give_campaign_id":0,"_seopress_robots_primary_cat":"","_seopress_titles_title":"","_seopress_titles_desc":"","_seopress_robots_index":"","_et_pb_use_builder":"","_et_pb_old_content":"","_et_gb_content_width":"","footnotes":""},"categories":[129],"tags":[902],"class_list":["post-300038","post","type-post","status-publish","format-standard","hentry","category-sem-categoria","tag-adolescentes"],"_links":{"self":[{"href":"https:\/\/www.focolare.org\/pt-pt\/wp-json\/wp\/v2\/posts\/300038","targetHints":{"allow":["GET"]}}],"collection":[{"href":"https:\/\/www.focolare.org\/pt-pt\/wp-json\/wp\/v2\/posts"}],"about":[{"href":"https:\/\/www.focolare.org\/pt-pt\/wp-json\/wp\/v2\/types\/post"}],"author":[{"embeddable":true,"href":"https:\/\/www.focolare.org\/pt-pt\/wp-json\/wp\/v2\/users\/34"}],"replies":[{"embeddable":true,"href":"https:\/\/www.focolare.org\/pt-pt\/wp-json\/wp\/v2\/comments?post=300038"}],"version-history":[{"count":0,"href":"https:\/\/www.focolare.org\/pt-pt\/wp-json\/wp\/v2\/posts\/300038\/revisions"}],"wp:attachment":[{"href":"https:\/\/www.focolare.org\/pt-pt\/wp-json\/wp\/v2\/media?parent=300038"}],"wp:term":[{"taxonomy":"category","embeddable":true,"href":"https:\/\/www.focolare.org\/pt-pt\/wp-json\/wp\/v2\/categories?post=300038"},{"taxonomy":"post_tag","embeddable":true,"href":"https:\/\/www.focolare.org\/pt-pt\/wp-json\/wp\/v2\/tags?post=300038"}],"curies":[{"name":"wp","href":"https:\/\/api.w.org\/{rel}","templated":true}]}}