{"id":300110,"date":"2008-11-23T23:00:00","date_gmt":"2008-11-23T22:00:00","guid":{"rendered":"https:\/\/www.focolare.org\/instituto-sophia-conjugar-doutrina-e-vida-no-sinal-da-unidade\/"},"modified":"2024-05-13T21:10:20","modified_gmt":"2024-05-13T19:10:20","slug":"instituto-sophia-conjugar-doutrina-e-vida-no-sinal-da-unidade","status":"publish","type":"post","link":"https:\/\/www.focolare.org\/pt-pt\/instituto-sophia-conjugar-doutrina-e-vida-no-sinal-da-unidade\/","title":{"rendered":"INSTITUTO SOPHIA: CONJUGAR DOUTRINA E VIDA NO SINAL DA UNIDADE"},"content":{"rendered":"<p><strong>O instituto Sophia, uma institui\u00e7\u00e3o de alta cultura, nasce de um  paradoxo: \u00abdeixar os livros no s\u00f3t\u00e3o\u00bb de Chiara Lubich&#8230; <\/strong>Maria  Emmaus Voce: A Chiara tinha um grande desejo de conhecer a verdade e esperava  conhec\u00ea-la atrav\u00e9s do estudo da filosofia. Um dia sentiu dentro de si que Jesus  lhe pedia n\u00e3o buscar a verdade nos livros, mas segui-lo, j\u00e1 que Ele \u00e9 a Verdade  encarnada. Por isso optou por deixar seus livros no s\u00f3t\u00e3o, renunciar ao sonho do  estudo, para dedicar-se completamente a Jesus. Sentiu tamb\u00e9m que Jesus prometia  revelar-lhe sua Verdade, seu Saber e desta revela\u00e7\u00e3o \u2013 Jesus \u2013 extrairia depois  todas as conseq\u00fc\u00eancias, ou seja, o carisma da unidade. Precisamente da  profunda convic\u00e7\u00e3o de que o carisma da unidade que Jesus doou a Chiara tem em si  a capacidade de gerar uma doutrina que ilumina os diversos \u00e2mbitos do saber,  nasce hoje um instituto universit\u00e1rio. <strong> Sophia pretende ser um laborat\u00f3rio de forma\u00e7\u00e3o e pesquisa no  qual est\u00e3o em contato as rela\u00e7\u00f5es profundas entre vida e pensamento, entre  estudo e experi\u00eancia. O que isso significa concretamente? <\/strong>Maria  Emmaus Voce: A tentativa de viver a unidade entre estes aspectos significa que  aqueles que se inscrevem neste instituto universit\u00e1rio j\u00e1 v\u00eam com uma condi\u00e7\u00e3o  pr\u00e9via, a de estar dispostos a amar os outros, estar abertos a todas as pessoas,  a prescindir da cultura, da religi\u00e3o, do mundo e da pr\u00f3pria etnia. Os  estudantes do Sophia aceitam fazer e fazem uma experi\u00eancia de vida na qual  descobrem que n\u00e3o podem estar abertas umas \u00e0s outras s\u00f3 como pessoas, mas que  inclusive as pr\u00f3prias culturas podem estar abertas umas \u00e0s outras. Descobrem  tamb\u00e9m que cada disciplina est\u00e1 ligada profundamente \u00e0s outras e o fundamento de  todo o saber \u00e9 a Sabedoria, ou seja, a vis\u00e3o de Deus sobre os homens e sobre a  realidade humana. <strong> Que expectativas, tanto pessoais como do  Movimento, voc\u00ea sente diante do nascimento do Sophia? <\/strong>Maria Emmaus  Voce: Desejamos formar homens e mulheres que saibam conjugar a doutrina com a  vida e sejam, portanto, capazes de oferecer uma contribui\u00e7\u00e3o para a unidade \u2013  ser homens e mulheres construtores de unidade \u2013, aonde a sociedade lhes  conduzir, atrav\u00e9s dos pr\u00f3prios caminhos profissionais e atividades sociais. Esperamos verdadeiramente que estas pessoas, integradas como catalisadores  em qualquer grupo social, possam pouco a pouco ser um ponto de atra\u00e7\u00e3o, um  fulcro em torno do qual se construam c\u00e9lulas de unidade que aumentem cada vez  mais na sociedade, at\u00e9 que \u00abtodos sejam um\u00bb. Esta \u00e9 a ora\u00e7\u00e3o de Jesus ao Pai, \u00e9  o sonho da Chiara, o nosso e, portanto, tamb\u00e9m o meu pessoal.  <em>Por Chiara Santomiero <\/em><\/p>\n","protected":false},"excerpt":{"rendered":"<p>Entrevista de Zenit a Maria Emmaus Voce<\/p>\n","protected":false},"author":34,"featured_media":0,"comment_status":"open","ping_status":"open","sticky":false,"template":"","format":"standard","meta":{"give_campaign_id":0,"_seopress_robots_primary_cat":"","_seopress_titles_title":"","_seopress_titles_desc":"","_seopress_robots_index":"","_et_pb_use_builder":"","_et_pb_old_content":"","_et_gb_content_width":"","footnotes":""},"categories":[129],"tags":[],"class_list":["post-300110","post","type-post","status-publish","format-standard","hentry","category-sem-categoria"],"_links":{"self":[{"href":"https:\/\/www.focolare.org\/pt-pt\/wp-json\/wp\/v2\/posts\/300110","targetHints":{"allow":["GET"]}}],"collection":[{"href":"https:\/\/www.focolare.org\/pt-pt\/wp-json\/wp\/v2\/posts"}],"about":[{"href":"https:\/\/www.focolare.org\/pt-pt\/wp-json\/wp\/v2\/types\/post"}],"author":[{"embeddable":true,"href":"https:\/\/www.focolare.org\/pt-pt\/wp-json\/wp\/v2\/users\/34"}],"replies":[{"embeddable":true,"href":"https:\/\/www.focolare.org\/pt-pt\/wp-json\/wp\/v2\/comments?post=300110"}],"version-history":[{"count":0,"href":"https:\/\/www.focolare.org\/pt-pt\/wp-json\/wp\/v2\/posts\/300110\/revisions"}],"wp:attachment":[{"href":"https:\/\/www.focolare.org\/pt-pt\/wp-json\/wp\/v2\/media?parent=300110"}],"wp:term":[{"taxonomy":"category","embeddable":true,"href":"https:\/\/www.focolare.org\/pt-pt\/wp-json\/wp\/v2\/categories?post=300110"},{"taxonomy":"post_tag","embeddable":true,"href":"https:\/\/www.focolare.org\/pt-pt\/wp-json\/wp\/v2\/tags?post=300110"}],"curies":[{"name":"wp","href":"https:\/\/api.w.org\/{rel}","templated":true}]}}