{"id":300148,"date":"2009-06-30T22:00:00","date_gmt":"2009-06-30T20:00:00","guid":{"rendered":"https:\/\/www.focolare.org\/julho-de-2009\/"},"modified":"2024-05-13T21:10:24","modified_gmt":"2024-05-13T19:10:24","slug":"julho-de-2009","status":"publish","type":"post","link":"https:\/\/www.focolare.org\/pt-pt\/julho-de-2009\/","title":{"rendered":"julho de 2009"},"content":{"rendered":"<p>Voc&ecirc; &eacute; jovem e sente a exig&ecirc;ncia de uma vida ideal, sem meias medidas, radical? Ou&ccedil;a o que diz Jesus. Ningu&eacute;m nesse mundo lhe pede tanto como Ele. Voc&ecirc; est&aacute; tendo a oportunidade de demonstrar sua f&eacute; e sua generosidade, seu hero&iacute;smo.<br \/>Voc&ecirc; &eacute; adulto e anseia por uma exist&ecirc;ncia s&eacute;ria, comprometida, embora sem perder a seguran&ccedil;a? Ou ent&atilde;o j&aacute; &eacute; idoso e deseja viver seus &uacute;ltimos anos confiando-se a algu&eacute;m que n&atilde;o engana, sem preocupa&ccedil;&otilde;es desgastantes? Tamb&eacute;m para voc&ecirc; &eacute; v&aacute;lida essa frase de Jesus.<br \/>De fato, no Evangelho ela &eacute; precedia por uma s&eacute;rie de recomenda&ccedil;&otilde;es em que Jesus nos convida a n&atilde;o nos preocuparmos com o que deveremos comer e vestir, exatamente como as aves do c&eacute;u, que n&atilde;o semeiam, e os l&iacute;rios dos campos, que n&atilde;o tecem. Voc&ecirc; deve, portanto, eliminar do seu cora&ccedil;&atilde;o toda e qualquer agita&ccedil;&atilde;o com as coisas terrenas, porque o amor do Pai por voc&ecirc; &eacute; bem maior do que pelas aves e pelas flores, e Ele mesmo cuida de voc&ecirc;.<br \/>&Eacute; por isso que lhe diz:<\/p>\n<p class=\"RipPdv\">&#8220;Vendei vossos bens e dai o dinheiro em esmola. Fazei para v&oacute;s bolsas que n&atilde;o se estraguem, um tesouro no c&eacute;u que n&atilde;o se acabe; ali o ladr&atilde;o n&atilde;o chega nem a tra&ccedil;a corr&oacute;i&#8221;.<\/p>\n<p>O Evangelho, no seu conjunto e em cada uma de suas palavras, &eacute; um pedido aos homens de tudo aquilo que s&atilde;o e que t&ecirc;m.<br \/>Antes da vinda de Cristo, Deus n&atilde;o pedia tanto assim. O Antigo Testamento considerava a riqueza terrena como um bem, uma b&ecirc;n&ccedil;&atilde;o de Deus. E, se ele prescrevia dar esmola aos necessitados, era para obter a benevol&ecirc;ncia do Todo-poderoso.<br \/>Mais tarde, no juda&iacute;smo, a id&eacute;ia da recompensa na outra vida j&aacute; se tornara mais comum. De fato, um rei respondeu da seguinte maneira a algu&eacute;m que o acusava de esbanjar os seus bens: &#8220;Meus antepassados acumularam tesouros para essa terra, enquanto que eu acumulei tesouros para o c&eacute;u&#8221;.<br \/>Ora, a originalidade da frase de Jesus est&aacute; no fato de que Ele pede a voc&ecirc; o dom total, pede-lhe tudo. Quer que voc&ecirc; seja um filho livre, sem preocupa&ccedil;&otilde;es em rela&ccedil;&atilde;o ao mundo, um filho que se apoia somente nele.<br \/>Ele sabe que a riqueza &eacute; um obst&aacute;culo enorme para voc&ecirc;, pois ela ocupa o seu cora&ccedil;&atilde;o, enquanto Ele quer ter todo esse espa&ccedil;o dispon&iacute;vel para si.<br \/>Da&iacute;, portanto, a recomenda&ccedil;&atilde;o:<\/p>\n<p class=\"RipPdv\">&#8220;Vendei vossos bens e dai o dinheiro em esmola. Fazei para v&oacute;s bolsas que n&atilde;o se estraguem, um tesouro no c&eacute;u que n&atilde;o se acabe; ali o ladr&atilde;o n&atilde;o chega nem a tra&ccedil;a corr&oacute;i&#8221;.<\/p>\n<p>E se voc&ecirc; n&atilde;o pode se desfazer materialmente dos bens, devido a obriga&ccedil;&otilde;es para com outras pessoas, ou porque a sua posi&ccedil;&atilde;o o obriga a se apresentar de modo mais requintado, isso n&atilde;o o dispensa de se desapegar espiritualmente dos bens e de ser um simples administrador deles. Assim, ao mesmo tempo que lida com a riqueza, voc&ecirc; ama os outros e, administrando-a em fun&ccedil;&atilde;o deles, prepara um tesouro que a tra&ccedil;a n&atilde;o corr&oacute;i e o ladr&atilde;o n&atilde;o rouba. <br \/>Mas, voc&ecirc; tem certeza de que deve ficar com todos os seus bens? Ou&ccedil;a a voz de Deus que fala no seu &iacute;ntimo; pe&ccedil;a conselho, se n&atilde;o souber decidir. Voc&ecirc; ver&aacute; quantas coisas sup&eacute;rfluas encontrar&aacute; entre os seus bens. N&atilde;o fique com elas. D&ecirc;, d&ecirc; para quem n&atilde;o possui. Coloque em pr&aacute;tica a frase de Jesus: &#8220;Vendei&#8230; e dai&#8221;. Assim voc&ecirc; encher&aacute; as &#8220;bolsas que n&atilde;o se estragam&#8221;. <br \/>&Eacute; l&oacute;gico que, para viver no mundo, &eacute; necess&aacute;rio interessar-se tamb&eacute;m pelo dinheiro, tamb&eacute;m pelas coisas materiais. Mas Deus quer que voc&ecirc; se ocupe e n&atilde;o que se preocupe. Ocupe-se daquele m&iacute;nimo que &eacute; indispens&aacute;vel para viver de acordo com a sua situa&ccedil;&atilde;o, conforme as suas condi&ccedil;&otilde;es. Quanto ao mais: <\/p>\n<p class=\"RipPdv\">&#8220;Vendei vossos bens e dai o dinheiro em esmola. Fazei para v&oacute;s bolsas que n&atilde;o se estraguem, um tesouro no c&eacute;u que n&atilde;o se acabe; ali o ladr&atilde;o n&atilde;o chega nem a tra&ccedil;a corr&oacute;i&#8221;.<\/p>\n<p>O papa Paulo VI era realmente pobre . Uma demonstra&ccedil;&atilde;o disso foi o modo como ele desejou ser sepultado: num pobre caix&atilde;o, &#8220;na terra nua&#8221;. Pouco antes de morrer havia dito a seu irm&atilde;o: &#8220;Faz tempo que eu preparei as malas para aquela viagem t&atilde;o exigente&#8221;.<br \/>Pois bem, &eacute; isso que voc&ecirc; deve fazer: preparar as malas. <br \/>Nos tempos de Jesus talvez as malas se chamassem de bolsas. Prepare-as dia ap&oacute;s dia. Procure ench&ecirc;-las o mais que puder com aquilo que pode ser &uacute;til para os outros. Voc&ecirc; s&oacute; tem realmente aquilo que d&aacute;. Lembre-se de quanta fome existe no mundo. Quanto sofrimento. Quantas necessidades&#8230;<br \/>Ponha nessas malas tamb&eacute;m todo gesto de amor, toda obra em favor dos irm&atilde;os.<br \/>Fa&ccedil;a essas a&ccedil;&otilde;es por Ele. Diga-Lhe, do fundo do cora&ccedil;&atilde;o: por Ti. E fa&ccedil;a-as bem, com perfei&ccedil;&atilde;o. Elas est&atilde;o destinadas ao c&eacute;u, permanecer&atilde;o para a eternidade. <\/p>\n<p><em>Chiara Lubich<\/em><\/p>\n<p><em>Esta Palavra de Vida foi publicada originalmente em mar&ccedil;o de 1979.<\/em><\/p>\n","protected":false},"excerpt":{"rendered":"<p>\u201cVendei vossos bens e dai o dinheiro em esmola. Fazei para v\u00f3s bolsas que n\u00e3o se estraguem, um tesouro no c\u00e9u que n\u00e3o se acabe; ali o ladr\u00e3o n\u00e3o chega nem a tra\u00e7a corr\u00f3i.\u201d (Lc 12,33)<\/p>\n","protected":false},"author":34,"featured_media":0,"comment_status":"open","ping_status":"open","sticky":false,"template":"","format":"standard","meta":{"give_campaign_id":0,"_seopress_robots_primary_cat":"","_seopress_titles_title":"","_seopress_titles_desc":"","_seopress_robots_index":"","_et_pb_use_builder":"","_et_pb_old_content":"","_et_gb_content_width":"","footnotes":""},"categories":[3160,129],"tags":[],"class_list":["post-300148","post","type-post","status-publish","format-standard","hentry","category-palavra-de-vida-pt-pt","category-sem-categoria"],"_links":{"self":[{"href":"https:\/\/www.focolare.org\/pt-pt\/wp-json\/wp\/v2\/posts\/300148","targetHints":{"allow":["GET"]}}],"collection":[{"href":"https:\/\/www.focolare.org\/pt-pt\/wp-json\/wp\/v2\/posts"}],"about":[{"href":"https:\/\/www.focolare.org\/pt-pt\/wp-json\/wp\/v2\/types\/post"}],"author":[{"embeddable":true,"href":"https:\/\/www.focolare.org\/pt-pt\/wp-json\/wp\/v2\/users\/34"}],"replies":[{"embeddable":true,"href":"https:\/\/www.focolare.org\/pt-pt\/wp-json\/wp\/v2\/comments?post=300148"}],"version-history":[{"count":0,"href":"https:\/\/www.focolare.org\/pt-pt\/wp-json\/wp\/v2\/posts\/300148\/revisions"}],"wp:attachment":[{"href":"https:\/\/www.focolare.org\/pt-pt\/wp-json\/wp\/v2\/media?parent=300148"}],"wp:term":[{"taxonomy":"category","embeddable":true,"href":"https:\/\/www.focolare.org\/pt-pt\/wp-json\/wp\/v2\/categories?post=300148"},{"taxonomy":"post_tag","embeddable":true,"href":"https:\/\/www.focolare.org\/pt-pt\/wp-json\/wp\/v2\/tags?post=300148"}],"curies":[{"name":"wp","href":"https:\/\/api.w.org\/{rel}","templated":true}]}}