{"id":300174,"date":"2009-11-30T23:00:00","date_gmt":"2009-11-30T22:00:00","guid":{"rendered":"https:\/\/www.focolare.org\/assim-tambem-brilhe-a-vossa-luz-diante-das-pessoas-para-que-vejam-as-vossas-boas-obras-e-louvem-o-vosso-pai-que-esta-nos-ceus-mt-516\/"},"modified":"2024-05-13T21:10:27","modified_gmt":"2024-05-13T19:10:27","slug":"assim-tambem-brilhe-a-vossa-luz-diante-das-pessoas-para-que-vejam-as-vossas-boas-obras-e-louvem-o-vosso-pai-que-esta-nos-ceus-mt-516","status":"publish","type":"post","link":"https:\/\/www.focolare.org\/pt-pt\/assim-tambem-brilhe-a-vossa-luz-diante-das-pessoas-para-que-vejam-as-vossas-boas-obras-e-louvem-o-vosso-pai-que-esta-nos-ceus-mt-516\/","title":{"rendered":"\u201cAssim tamb\u00e9m brilhe a vossa luz diante das pessoas, para que vejam as vossas boas obras e louvem o vosso Pai que est\u00e1 nos c\u00e9us.\u201d (Mt 5,16)"},"content":{"rendered":"<p>A luz se manifesta nas \u201cboas obras\u201d. Ela brilha atrav\u00e9s das boas obras praticadas pelos crist\u00e3os.<\/p>\n<p> Voc\u00ea me dir\u00e1: mas n\u00e3o s\u00e3o apenas os crist\u00e3os os que praticam boas obras. Muita gente colabora com o progresso, constr\u00f3i casas, promove a justi\u00e7a\u2026<\/p>\n<p> Tem raz\u00e3o. Inclusive o crist\u00e3o certamente faz, e deve fazer, tudo isso, mas n\u00e3o \u00e9 unicamente esta a sua fun\u00e7\u00e3o espec\u00edfica. Ele deve realizar boas obras com um esp\u00edrito novo, aquele esp\u00edrito que faz com que n\u00e3o seja mais ele a viver, mas Cristo nele.<\/p>\n<p> Com efeito, o evangelista Mateus n\u00e3o se refere apenas a atos de caridade isolados (como visitar os presos, vestir os nus ou cumprir todas as outras obras de miseric\u00f3rdia, atualizadas de acordo com as exig\u00eancias de hoje), mas refere-se \u00e0 ades\u00e3o total do crist\u00e3o \u00e0 vontade de Deus, de modo a fazer de toda a sua vida uma boa obra.<\/p>\n<p> Se o crist\u00e3o age assim, ele \u00e9 \u201ctransparente\u201d e os elogios que receber por suas a\u00e7\u00f5es n\u00e3o ser\u00e3o atribu\u00eddos a ele, mas a Cristo nele; assim Deus se far\u00e1 presente no mundo por meio dele. A tarefa do crist\u00e3o, portanto, \u00e9 deixar transparecer essa luz que habita nele, \u00e9 ser o \u201csinal\u201d da presen\u00e7a de Deus entre os homens.<\/p>\n<p><span style=\"padding-right: 0px;padding-left: 0px;font-weight: bold;font-size: 14px;padding-bottom: 0px;margin: 0px;color: #206bd1;padding-top: 12px\">\u201cAssim tamb\u00e9m brilhe a vossa luz diante das pessoas, para que vejam as vossas boas obras e louvem o vosso Pai que est\u00e1 nos c\u00e9us.\u201d<\/span><\/p>\n<p>Se a boa obra de cada pessoa que tem f\u00e9 apresenta essa caracter\u00edstica, ent\u00e3o tamb\u00e9m a comunidade crist\u00e3 no meio do mundo deve ter a mesma fun\u00e7\u00e3o espec\u00edfica: revelar por meio de sua vida a presen\u00e7a de Deus, que se manifesta onde dois ou tr\u00eas est\u00e3o unidos no seu nome, presen\u00e7a que foi prometida \u00e0 Igreja at\u00e9 o final dos tempos.<\/p>\n<p> A Igreja Primitiva dava grande destaque a essas palavras de Jesus. Principalmente nos momentos dif\u00edceis, quando os crist\u00e3os eram caluniados, ela os exortava a n\u00e3o reagir com a viol\u00eancia. O comportamento deles deveria ser a melhor contesta\u00e7\u00e3o contra as acusa\u00e7\u00f5es que lhes eram dirigidas.<\/p>\n<p> L\u00ea-se na carta a Tito: \u201cExorta tamb\u00e9m os jovens a serem ponderados. Em tudo, mostra-te modelo de bom comportamento, pela integridade na doutrina, linguagem sadia e irrepreens\u00edvel, para que os nossos advers\u00e1rios, n\u00e3o tendo nada a falar de n\u00f3s, sejam confundidos\u201d (Tt 2,6-8).<\/p>\n<p><span style=\"padding-right: 0px;padding-left: 0px;font-weight: bold;font-size: 14px;padding-bottom: 0px;margin: 0px;color: #206bd1;padding-top: 12px\">\u201cAssim tamb\u00e9m brilhe a vossa luz diante das pessoas, para que vejam as vossas boas obras e louvem o vosso Pai que est\u00e1 nos c\u00e9us.\u201d<\/span><\/p>\n<p>Tamb\u00e9m nos dias de hoje, \u00e9 a vida crist\u00e3 colocada em pr\u00e1tica a luz para levar os homens a Deus.<\/p>\n<p> Vou contar-lhe um pequeno epis\u00f3dio. <\/p>\n<p> Antonieta era uma jovem que vivia em outro pa\u00eds por motivos de trabalho. Estava empregada num escrit\u00f3rio onde muitos de seus colegas n\u00e3o levavam o trabalho a s\u00e9rio. Por ela ser crist\u00e3 e reconhecer em cada pr\u00f3ximo Jesus a ser servido, ajudava a todos e se mantinha sempre calma e sorridente. Com frequ\u00eancia algu\u00e9m se irritava, levantava a voz e descarregava tudo nela, debochando: \u201cJ\u00e1 que voc\u00ea tem vontade de trabalhar, tome, digite tamb\u00e9m o meu trabalho!\u201d.<\/p>\n<p> Ela n\u00e3o reclamava e trabalhava com afinco. Sabia que eles n\u00e3o eram maus; provavelmente cada um tinha os seus problemas.<\/p>\n<p> Um dia, quando os outros funcion\u00e1rios n\u00e3o estavam, o chefe perguntou a ela: \u201cAgora voc\u00ea vai me contar como faz para nunca perder a paci\u00eancia e manter sempre esse sorriso\u201d. Ela tentou se esquivar dizendo: \u201cProcuro manter a calma e ver o lado bom das coisas\u201d.<\/p>\n<p> O chefe, batendo com for\u00e7a na mesa, exclamou: \u201cDe jeito nenhum! Isso certamente tem a ver com Deus; de outra forma, seria imposs\u00edvel! E pensar que eu n\u00e3o acreditava em Deus!\u201d.<\/p>\n<p> Alguns dias depois, Antonieta foi chamada \u00e0 diretoria, onde lhe comunicaram que ela seria transferida para outro escrit\u00f3rio \u201cpara que voc\u00ea possa transform\u00e1-lo \u2013 disse o diretor \u2013 do mesmo modo que transformou esse onde trabalha agora\u201d.<\/p>\n<p><span style=\"padding-right: 0px;padding-left: 0px;font-weight: bold;font-size: 14px;padding-bottom: 0px;margin: 0px;color: #206bd1;padding-top: 12px\">\u201cAssim tamb\u00e9m brilhe a vossa luz diante das pessoas, para que vejam as vossas boas obras e louvem o vosso Pai que est\u00e1 nos c\u00e9us.\u201d<\/span><\/p>\n<p>\u00a0\u00a0\u00a0\u00a0\u00a0\u00a0\u00a0\u00a0\u00a0Chiara Lubich<\/p>\n<p>Esta Palavra de Vida foi publicada originalmente em agosto de 1979.<\/p>\n","protected":false},"excerpt":{"rendered":"<p>\u201cAssim tamb\u00e9m brilhe a vossa luz diante das pessoas, para que vejam as vossas boas obras e louvem o vosso Pai que est\u00e1 nos c\u00e9us.\u201d (Mt 5,16)<\/p>\n","protected":false},"author":34,"featured_media":0,"comment_status":"open","ping_status":"open","sticky":false,"template":"","format":"standard","meta":{"give_campaign_id":0,"_seopress_robots_primary_cat":"","_seopress_titles_title":"","_seopress_titles_desc":"","_seopress_robots_index":"","_et_pb_use_builder":"","_et_pb_old_content":"","_et_gb_content_width":"","footnotes":""},"categories":[3160,129],"tags":[],"class_list":["post-300174","post","type-post","status-publish","format-standard","hentry","category-palavra-de-vida-pt-pt","category-sem-categoria"],"_links":{"self":[{"href":"https:\/\/www.focolare.org\/pt-pt\/wp-json\/wp\/v2\/posts\/300174","targetHints":{"allow":["GET"]}}],"collection":[{"href":"https:\/\/www.focolare.org\/pt-pt\/wp-json\/wp\/v2\/posts"}],"about":[{"href":"https:\/\/www.focolare.org\/pt-pt\/wp-json\/wp\/v2\/types\/post"}],"author":[{"embeddable":true,"href":"https:\/\/www.focolare.org\/pt-pt\/wp-json\/wp\/v2\/users\/34"}],"replies":[{"embeddable":true,"href":"https:\/\/www.focolare.org\/pt-pt\/wp-json\/wp\/v2\/comments?post=300174"}],"version-history":[{"count":0,"href":"https:\/\/www.focolare.org\/pt-pt\/wp-json\/wp\/v2\/posts\/300174\/revisions"}],"wp:attachment":[{"href":"https:\/\/www.focolare.org\/pt-pt\/wp-json\/wp\/v2\/media?parent=300174"}],"wp:term":[{"taxonomy":"category","embeddable":true,"href":"https:\/\/www.focolare.org\/pt-pt\/wp-json\/wp\/v2\/categories?post=300174"},{"taxonomy":"post_tag","embeddable":true,"href":"https:\/\/www.focolare.org\/pt-pt\/wp-json\/wp\/v2\/tags?post=300174"}],"curies":[{"name":"wp","href":"https:\/\/api.w.org\/{rel}","templated":true}]}}