{"id":300252,"date":"2010-05-04T22:00:00","date_gmt":"2010-05-04T20:00:00","guid":{"rendered":"https:\/\/www.focolare.org\/itmaria-voce-in-franciaenmaria-voce-in-france-first-stop-lourdesesmaria-voce-en-franciafrmaria-voce-en-francia\/"},"modified":"2024-05-13T21:10:48","modified_gmt":"2024-05-13T19:10:48","slug":"itmaria-voce-in-franciaenmaria-voce-in-france-first-stop-lourdesesmaria-voce-en-franciafrmaria-voce-en-francia","status":"publish","type":"post","link":"https:\/\/www.focolare.org\/pt-pt\/itmaria-voce-in-franciaenmaria-voce-in-france-first-stop-lourdesesmaria-voce-en-franciafrmaria-voce-en-francia\/","title":{"rendered":"[:it]Maria Voce in Francia[:en]Maria Voce in France: First stop Lourdes[:es]Mar\u00eda Voce en Francia[:fr]Mar\u00eda Voce en Francia"},"content":{"rendered":"<p><strong><img loading=\"lazy\" decoding=\"async\" src=\"https:\/\/www.focolare.org\/wp-content\/uploads\/layout\/edit\/foto\/foto2010\/100505-02.jpg\" alt=\"\" hspace=\"5\" vspace=\"5\" width=\"200\" height=\"200\" align=\"right\" \/>Maria Voce iniciou em Lourdes, na ter\u00e7a feira passada, dia 4 de maio, a sua viagem \u00e0 Fran\u00e7a<\/strong> (4 a 12 de maio). Um dia coberto de chuva e neve, o que recordou a hist\u00f3rica visita de Chiara Lubich a Lourdes,  em 1958.<\/p>\n<p><strong><img loading=\"lazy\" decoding=\"async\" src=\"https:\/\/www.focolare.org\/wp-content\/uploads\/layout\/edit\/foto\/foto2010\/100505-01.jpg\" alt=\"\" hspace=\"5\" vspace=\"5\" width=\"200\" height=\"200\" align=\"left\" \/>Na Fran\u00e7a o Movimento dos Focolares encontra-se bem inserido na igreja local e na sociedade<\/strong>, com diversas atividades nas par\u00f3quias e a participa\u00e7\u00e3o nos di\u00e1logos ecum\u00eanico e interreligioso; alguns mu\u00e7ulmanos, judeus e budistas s\u00e3o simpatizantes ativos do Movimento. E ainda o empenho interreligioso na cidade de Evry, sudeste de Paris ou a participa\u00e7\u00e3o nos trabalhos da WCRP (Confer\u00eancia Mundial das Religi\u00f5es pela Paz). E ainda a participa\u00e7\u00e3o nas Semanas Sociais da Fran\u00e7a e nos encontros ecum\u00eanicos \u201cJuntos pela Europa\u201d; da mesma forma em Nantes com os eventos \u201cSopros de Unidade\u201d, que envolvem 800 pessoas, de 10 Movimentos e novas comunidades. O compromisso assumido por cerca de 30 empres\u00e1rios que participam da Economia de Comunh\u00e3o, em favor de uma mais justa distribui\u00e7\u00e3o da riqueza.<\/p>\n<p><strong>E mais ainda a presen\u00e7a cotidiana dos membros do Movimento<\/strong>, que buscam levar em seus ambientes de trabalho um esp\u00edrito de paz, em vista da fraternidade. Como Ennouar, mu\u00e7ulmano amigo dos Focolares, motorista de \u00f4nibus em Tremblay-en-France ou Jean-Christophe e Ewanaelle no contato com as fam\u00edlias pr\u00f3ximas; e ainda Bruno, estudante que dedica uma noite por semana ao trabalho volunt\u00e1rio na Cruz Vermelha, etc.<\/p>\n<p><strong>Durante a visita Maria Voce relembrou que ela mesma esteve em Lourdes, na d\u00e9cada de 1950<\/strong>, e que naquela ocasi\u00e3o pediu que Nossa Senhora lhe indicasse a sua voca\u00e7\u00e3o. Depois de ter conhecido o Movimento e Chiara, Maria Voce n\u00e3o tinha mais voltado \u00e0 Lourdes. Agora, tendo se tornado a presidente do Movimento dos Focolares, desejou come\u00e7ar a sua viagem \u00e0 Fran\u00e7a justamente em Lourdes, para agradecer a Maria e confiar a ela o Movimento que tem o seu nome, Obra de Maria.<\/p>\n","protected":false},"excerpt":{"rendered":"<p>Com a colabora\u00e7\u00e3o de Nouvelle Cit\u00e9 acompanhamos as etapas da viagem da Presidente do Movimento dos Focolares \u00e0 Fran\u00e7a. Primeira etapa: visita \u00e0 Lourdes.<\/p>\n","protected":false},"author":34,"featured_media":0,"comment_status":"open","ping_status":"open","sticky":false,"template":"","format":"standard","meta":{"give_campaign_id":0,"_seopress_robots_primary_cat":"","_seopress_titles_title":"","_seopress_titles_desc":"","_seopress_robots_index":"","_et_pb_use_builder":"","_et_pb_old_content":"","_et_gb_content_width":"","footnotes":""},"categories":[909],"tags":[],"class_list":["post-300252","post","type-post","status-publish","format-standard","hentry","category-focolare-worldwide-2-4"],"_links":{"self":[{"href":"https:\/\/www.focolare.org\/pt-pt\/wp-json\/wp\/v2\/posts\/300252","targetHints":{"allow":["GET"]}}],"collection":[{"href":"https:\/\/www.focolare.org\/pt-pt\/wp-json\/wp\/v2\/posts"}],"about":[{"href":"https:\/\/www.focolare.org\/pt-pt\/wp-json\/wp\/v2\/types\/post"}],"author":[{"embeddable":true,"href":"https:\/\/www.focolare.org\/pt-pt\/wp-json\/wp\/v2\/users\/34"}],"replies":[{"embeddable":true,"href":"https:\/\/www.focolare.org\/pt-pt\/wp-json\/wp\/v2\/comments?post=300252"}],"version-history":[{"count":0,"href":"https:\/\/www.focolare.org\/pt-pt\/wp-json\/wp\/v2\/posts\/300252\/revisions"}],"wp:attachment":[{"href":"https:\/\/www.focolare.org\/pt-pt\/wp-json\/wp\/v2\/media?parent=300252"}],"wp:term":[{"taxonomy":"category","embeddable":true,"href":"https:\/\/www.focolare.org\/pt-pt\/wp-json\/wp\/v2\/categories?post=300252"},{"taxonomy":"post_tag","embeddable":true,"href":"https:\/\/www.focolare.org\/pt-pt\/wp-json\/wp\/v2\/tags?post=300252"}],"curies":[{"name":"wp","href":"https:\/\/api.w.org\/{rel}","templated":true}]}}