{"id":300304,"date":"2010-11-09T23:00:00","date_gmt":"2010-11-09T22:00:00","guid":{"rendered":"https:\/\/www.focolare.org\/do-clube-do-dar-para-o-paraiso\/"},"modified":"2024-05-13T21:11:07","modified_gmt":"2024-05-13T19:11:07","slug":"do-clube-do-dar-para-o-paraiso","status":"publish","type":"post","link":"https:\/\/www.focolare.org\/pt-pt\/do-clube-do-dar-para-o-paraiso\/","title":{"rendered":"Do \u201cClube do Dar\u201d para o Para\u00edso"},"content":{"rendered":"<p><strong><img loading=\"lazy\" decoding=\"async\" src=\"https:\/\/www.focolare.org\/layout\/edit\/foto\/foto2010\/101201-01.jpg\" alt=\"\" hspace=\"5\" vspace=\"5\" width=\"200\" height=\"200\" align=\"left\" \/><\/strong><\/p>\n<p><strong>No dia 14 de novembro passado mais de 800 pessoas participaram do funeral de Christopher<\/strong>, <strong>gen 3 de 17 anos<\/strong>, um dos animadores do \u201cClube do Dar\u201d, um projeto educativo promovido pelo Movimento Juvenil pela Unidade em v\u00e1rias escolas do Panam\u00e1.<\/p>\n<p>Christopher foi v\u00edtima de um assalto no dia 31 de outubro. Estava voltando para casa quando um ladr\u00e3o o apunhalou no peito, para roubar o seu celular. Pouco antes de morrer conseguiu falar com sua m\u00e3e, estava consciente de estar pr\u00f3xima a sua ida para o c\u00e9u, mas mesmo assim conseguiu tranquiliz\u00e1-la com um sorriso.<\/p>\n<p>A sua breve vida o havia preparado para este momento. O seu sorriso era um distintivo que nunca faltava, estava sempre dispon\u00edvel quando precisava ajudar algu\u00e9m. Sua m\u00e3e conta que n\u00e3o era praticante, e que foi Christopher que lhe transmitiu a f\u00e9 e a inseriu na vida da par\u00f3quia. Al\u00e9m disso, ele era uma refer\u00eancia, e o apoio para seus pais, depois que se separaram.<\/p>\n<p><strong>Em 2005 entrou em contato com o \u201cClube do dar\u201d e come\u00e7ou logo a participar, tornando-se um dos mais ativos<\/strong> nas suas iniciativas de difus\u00e3o da cultura da partilha e na ajuda aos mais pobres. Depois de um ano de experi\u00eancia, numa cerim\u00f4nia oficial, recebeu a carteira de membro do Clube. Foi uma grande alegria para ele, mas tamb\u00e9m um ato s\u00e9rio e consciente, porque sabia estar fazendo uma op\u00e7\u00e3o de vida. Come\u00e7ou a viver o Evangelho com os outros gen 3 da sua cidade.<\/p>\n<p><strong>Mesmo com todo o sofrimento o seu funeral aconteceu num clima de festa. Muitos jovens<\/strong> tinham preparado m\u00fasicas, v\u00eddeos e faixas. Todas as pessoas presentes \u2013 membros do Movimento dos Focolares, salesianos, paroquianos, colegas de escola e amigos \u2013 sabiam que Christopher continuava a sorrir do c\u00e9u e passava a eles a tocha do amor radical a Deus e ao pr\u00f3ximo.<\/p>\n<p>Muitos epis\u00f3dios da sua vida sempre em doa\u00e7\u00e3o poderiam ser contados, tanto que a imprensa nacional quis sublinhar esta sua caracter\u00edstica, escrevendo que ele \u201ctinha o dom de ser pessoa\u201d. Seus amigos organizaram uma manifesta\u00e7\u00e3o em favor da n\u00e3o viol\u00eancia; inclusive o ministro da Instru\u00e7\u00e3o P\u00fablica, Lucy Molinar, falou dele numa entrevista, apresentando-o como modelo para os jovens de hoje. Foi citado em v\u00e1rios jornais e duas redes de televis\u00e3o foram at\u00e9 a sua escola durante a manifesta\u00e7\u00e3o.<\/p>\n<p><strong>A presidente do Movimento dos Focolares, Maria Voce, escreveu \u00e0 m\u00e3e de Christopher<\/strong> para assegurar, em nome de todos, ora\u00e7\u00f5es e solidariedade. E recordando que h\u00e1 pouco tempo havia sido declarada bem-aventurada uma outra jovem do movimento, Chiara Luce Badano, sugeriu que \u201ccom estes acontecimentos parece que o Senhor queira colocar em evid\u00eancia exemplos de jovens que fizeram uma escola radical Dele, num mundo como o de hoje, t\u00e3o atribulado\u201d.<\/p>\n<p>Christopher deixa atr\u00e1s de si um rastro de amor concreto, e muitos adolescentes e jovens decididos a seguirem o seu exemplo.<\/p>\n","protected":false},"excerpt":{"rendered":"<p>Hist\u00f3ria de Christopher Amaya, panamenho de 17 anos, com o \u201cdom ser pessoa\u201d, morto em circunst\u00e2ncias tr\u00e1gicas. Deixa atr\u00e1s de si, como exemplo para muitos jovens, um rasto de amor vivido.<\/p>\n","protected":false},"author":34,"featured_media":0,"comment_status":"open","ping_status":"open","sticky":false,"template":"","format":"standard","meta":{"give_campaign_id":0,"_seopress_robots_primary_cat":"","_seopress_titles_title":"","_seopress_titles_desc":"","_seopress_robots_index":"","_et_pb_use_builder":"","_et_pb_old_content":"","_et_gb_content_width":"","footnotes":""},"categories":[129],"tags":[],"class_list":["post-300304","post","type-post","status-publish","format-standard","hentry","category-sem-categoria"],"_links":{"self":[{"href":"https:\/\/www.focolare.org\/pt-pt\/wp-json\/wp\/v2\/posts\/300304","targetHints":{"allow":["GET"]}}],"collection":[{"href":"https:\/\/www.focolare.org\/pt-pt\/wp-json\/wp\/v2\/posts"}],"about":[{"href":"https:\/\/www.focolare.org\/pt-pt\/wp-json\/wp\/v2\/types\/post"}],"author":[{"embeddable":true,"href":"https:\/\/www.focolare.org\/pt-pt\/wp-json\/wp\/v2\/users\/34"}],"replies":[{"embeddable":true,"href":"https:\/\/www.focolare.org\/pt-pt\/wp-json\/wp\/v2\/comments?post=300304"}],"version-history":[{"count":0,"href":"https:\/\/www.focolare.org\/pt-pt\/wp-json\/wp\/v2\/posts\/300304\/revisions"}],"wp:attachment":[{"href":"https:\/\/www.focolare.org\/pt-pt\/wp-json\/wp\/v2\/media?parent=300304"}],"wp:term":[{"taxonomy":"category","embeddable":true,"href":"https:\/\/www.focolare.org\/pt-pt\/wp-json\/wp\/v2\/categories?post=300304"},{"taxonomy":"post_tag","embeddable":true,"href":"https:\/\/www.focolare.org\/pt-pt\/wp-json\/wp\/v2\/tags?post=300304"}],"curies":[{"name":"wp","href":"https:\/\/api.w.org\/{rel}","templated":true}]}}