{"id":300396,"date":"2011-01-18T17:50:33","date_gmt":"2011-01-18T16:50:33","guid":{"rendered":"https:\/\/www.focolare.org\/economia-de-comunhao-e-a-hora-da-africa\/"},"modified":"2024-05-13T21:11:18","modified_gmt":"2024-05-13T19:11:18","slug":"economia-de-comunhao-e-a-hora-da-africa","status":"publish","type":"post","link":"https:\/\/www.focolare.org\/pt-pt\/economia-de-comunhao-e-a-hora-da-africa\/","title":{"rendered":"Economia de Comunh\u00e3o: \u00e9 a hora da \u00c1frica"},"content":{"rendered":"<p><img loading=\"lazy\" decoding=\"async\" class=\"alignleft\" style=\"margin-right: 10px;border: 0pt none\" src=\"https:\/\/www.focolare.org\/wp-content\/uploads\/2011\/01\/110119-011-421x200.jpg\" alt=\"\" width=\"421\" height=\"200\" \/><\/p>\n<p><strong>Economia de Comunh\u00e3o: um novo paradigma para o desenvolvimento africano<\/strong> \u00e9 o t\u00edtulo da primeira Escola de Ver\u00e3o Pan-africana da Economia de Comunh\u00e3o, que se realizar\u00e1 de 23 a 25 de janeiro, em Nairobi, Qu\u00eania. Os participantes ser\u00e3o <strong>110 jovens empres\u00e1rios<\/strong> que desejam aprender como fazer uma empresa de comunh\u00e3o, ao lado de especialistas da EdC provenientes dos Estados Unidos, Filipinas e It\u00e1lia. S\u00e3o esperados jovens de toda a \u00c1frica (Costa do Marfim, Burkina Faso, Mali, Togo, Camar\u00f5es, \u00c1frica Central, Congo, Qu\u00eania, Uganda, Burundi, Tanz\u00e2nia, Madagascar, \u00c1frica do Sul e Angola), ser\u00e3o faladas quatro l\u00ednguas: ingl\u00eas, franc\u00eas, portugu\u00eas e italiano.<\/p>\n<p><strong>Forma\u00e7\u00e3o, reciprocidade e incultura\u00e7\u00e3o<\/strong> s\u00e3o os principais pilares da escola. \u00ab<em>A Escola de Ver\u00e3o Pan-Africana baseia-se em tr\u00eas pressupostos.<\/em> \u2013 nos diz Luigino Bruni, respons\u00e1vel mundial do projeto EdC \u2013 <em>O primeiro: atualmente <strong>a coopera\u00e7\u00e3o ao desenvolvimento se faz com as pessoas e n\u00e3o com o capital<\/strong>, sem universidades de qualidade n\u00e3o \u00e9 poss\u00edvel criar um desenvolvimento s\u00e9rio. Segundo: <strong>o m\u00e9todo da escola \u00e9 a reciprocidade<\/strong>; n\u00e3o se pensa em professores do ocidente que v\u00e3o ensinar jovens africanos. Partindo da grande estima que temos por esta cultura, todos aprender\u00e3o com todos. Terceiro: <strong>o desenvolvimento n\u00e3o acontece sem uma cultura empresarial<\/strong> e na \u00c1frica de hoje esta ainda falta. A \u00c1frica precisa abrir-se ao mercado salvando as ra\u00edzes de \u201ccomunidade\u201d, muito fortes no DNA da sua cultura. Por isso compreende-se porque a Economia de Comunh\u00e3o pode ser, de fato, uma oportunidade importante aqui<\/em>\u00bb.<\/p>\n<p>Nos dias imediatamente sucessivos, de 26 a 28 de janeiro de 2011, na Universidade Cat\u00f3lica de Nairobi (<a href=\"http:\/\/www.cuea.edu\/\">The Catholic University of Eastern Africa<\/a>), se realizar\u00e1 a <strong>Confer\u00eancia Internacional sobre Economia de Comunh\u00e3o<\/strong>, para a qual s\u00e3o esperadas mais de <strong>300 pessoas<\/strong>. \u00c9 a primeira vez que o projeto ser\u00e1 apresentado em uma universidade africana. O reitor da Faculdade de Com\u00e9rcio dessa prestigiosa universidade, dr. Aloys Blasie\u2019 Ayako, desejou com for\u00e7a a realiza\u00e7\u00e3o deste evento \u2013 no qual se dar\u00e1 uma aten\u00e7\u00e3o especial \u00e0 \u201ccultura da empresa\u201d \u2013 porque v\u00ea na EdC uma grande esperan\u00e7a para o seu povo.<\/p>\n<p>Para dar continuidade a este momento importante, est\u00e3o em fase de projeto, na CUEA, cursos de aprofundamento sobre o tema, para difundir uma cultura econ\u00f4mica de empresa para a \u00c1frica, e cuja realiza\u00e7\u00e3o ser\u00e1 confiada ao grupo de economistas e estudiosos que, no mundo inteiro, trabalha para o desenvolvimento da Economia de Comunh\u00e3o.<\/p>\n","protected":false},"excerpt":{"rendered":"<p>1\u00aa Escola de Ver\u00e3o EdC e Confer\u00eancia Internacional na Catholic University of Eastern Africa, de Nairobi<\/p>\n","protected":false},"author":33,"featured_media":0,"comment_status":"open","ping_status":"open","sticky":false,"template":"","format":"standard","meta":{"give_campaign_id":0,"_seopress_robots_primary_cat":"","_seopress_titles_title":"","_seopress_titles_desc":"","_seopress_robots_index":"","_et_pb_use_builder":"","_et_pb_old_content":"","_et_gb_content_width":"","footnotes":""},"categories":[909],"tags":[],"class_list":["post-300396","post","type-post","status-publish","format-standard","hentry","category-focolare-worldwide-2-4"],"_links":{"self":[{"href":"https:\/\/www.focolare.org\/pt-pt\/wp-json\/wp\/v2\/posts\/300396","targetHints":{"allow":["GET"]}}],"collection":[{"href":"https:\/\/www.focolare.org\/pt-pt\/wp-json\/wp\/v2\/posts"}],"about":[{"href":"https:\/\/www.focolare.org\/pt-pt\/wp-json\/wp\/v2\/types\/post"}],"author":[{"embeddable":true,"href":"https:\/\/www.focolare.org\/pt-pt\/wp-json\/wp\/v2\/users\/33"}],"replies":[{"embeddable":true,"href":"https:\/\/www.focolare.org\/pt-pt\/wp-json\/wp\/v2\/comments?post=300396"}],"version-history":[{"count":0,"href":"https:\/\/www.focolare.org\/pt-pt\/wp-json\/wp\/v2\/posts\/300396\/revisions"}],"wp:attachment":[{"href":"https:\/\/www.focolare.org\/pt-pt\/wp-json\/wp\/v2\/media?parent=300396"}],"wp:term":[{"taxonomy":"category","embeddable":true,"href":"https:\/\/www.focolare.org\/pt-pt\/wp-json\/wp\/v2\/categories?post=300396"},{"taxonomy":"post_tag","embeddable":true,"href":"https:\/\/www.focolare.org\/pt-pt\/wp-json\/wp\/v2\/tags?post=300396"}],"curies":[{"name":"wp","href":"https:\/\/api.w.org\/{rel}","templated":true}]}}