{"id":300422,"date":"2011-01-19T17:18:46","date_gmt":"2011-01-19T16:18:46","guid":{"rendered":"https:\/\/www.focolare.org\/catalunha-primeira-etapa-da-presidente-dos-focolares-na-peninsula-iberica\/"},"modified":"2024-05-13T21:11:33","modified_gmt":"2024-05-13T19:11:33","slug":"catalunha-primeira-etapa-da-presidente-dos-focolares-na-peninsula-iberica","status":"publish","type":"post","link":"https:\/\/www.focolare.org\/pt-pt\/catalunha-primeira-etapa-da-presidente-dos-focolares-na-peninsula-iberica\/","title":{"rendered":"Catalunha, primeira etapa da presidente dos Focolares na Pen\u00ednsula Ib\u00e9rica"},"content":{"rendered":"<\/p>\n<p><strong>A peregrina\u00e7\u00e3o a Montserrat<\/strong><\/p>\n<p><img alt=\"\" alt=\"\" loading=\"lazy\" decoding=\"async\" class=\"size-top_mini wp-image-22499 alignleft\" style=\"margin-right: 10px\" src=\"https:\/\/www.focolare.org\/wp-content\/uploads\/2011\/01\/20110119-04-200x123.jpg\" alt=\"\" width=\"200\" height=\"123\" \/>No dia 17 de janeiro, quase na conclus\u00e3o de sua perman\u00eancia na Catalunha, Maria Voce esteve no Santu\u00e1rio de Nossa Senhora de Montserrat, padroeira da Catalunha, acompanhada pelo abade Pe. Josep M. Soler. Um encontro caracterizado pela estima rec\u00edproca, em continuidade com a fraternidade e a comunh\u00e3o que h\u00e1 anos contradistinguem as rela\u00e7\u00f5es entre o Movimento e os beneditinos. Na sua visita \u00e0 Espanha, em 2002, durante a visita ao Mosteiro de Montserrat, Chiara Lubich j\u00e1 tinha afirmado: \u201cMuitas vezes os movimentos podem dar o exemplo de frescor evang\u00e9lico e carism\u00e1tico, assim como o impulso generoso e criativo da evangeliza\u00e7\u00e3o. De sua parte, os movimentos podem aprender muito do testemunho da vida consagrada, que conserva in\u00fameros tesouros de sabedoria e experi\u00eancia\u201d. O abade mostrou-se muito satisfeito em saber que Chiara Luce Badano \u2013 a jovem recentemente beatificada, em Roma \u2013 esteve em Montserrat alguns anos antes da sua morte. \u201cMais uma coisa que nos une!\u201d, exclamou Pe.Josep.<\/p>\n<p>Sempre na segunda-feira, dia 17, o cardeal de Barcelona, d. Sistach, recebeu Maria Voce com grande afeto, recordando a visita de Chiara em 2002. E ainda neste dia, \u00e0 tarde, o encontro com o arcebispo de La Seu d\u2019Urgel e copr\u00edncipe de Andorra, d. Joan-Enric Vices i Sicilia.<\/p>\n<p>A viagem concluiu-se com a visita \u00e0 Igreja da Sagrada Fam\u00edlia, em Barcelona, consagrada em novembro pelo papa Bento XVI, e \u00e0 editora <em>Ciutat Nova<\/em>, edi\u00e7\u00e3o catal\u00e3 de Cidade Nova.<\/p>\n<p>Agora o destino \u00e9 Sevilha, na regi\u00e3o da Andaluzia, sul da Espanha.<\/p><\/p>\n","protected":false},"excerpt":{"rendered":"<p>No santu\u00e1rio de Montserrat e na Igreja da Sagrada Fam\u00edlia, concluiu-se a perman\u00eancia de Maria Voce e Giancarlo Faletti na Catalunha. Pr\u00f3xima meta \u00e9 a Andaluzia.<\/p>\n","protected":false},"author":34,"featured_media":0,"comment_status":"open","ping_status":"open","sticky":false,"template":"","format":"standard","meta":{"give_campaign_id":0,"_seopress_robots_primary_cat":"","_seopress_titles_title":"","_seopress_titles_desc":"","_seopress_robots_index":"","_et_pb_use_builder":"","_et_pb_old_content":"","_et_gb_content_width":"","footnotes":""},"categories":[909],"tags":[],"class_list":["post-300422","post","type-post","status-publish","format-standard","hentry","category-focolare-worldwide-2-4"],"_links":{"self":[{"href":"https:\/\/www.focolare.org\/pt-pt\/wp-json\/wp\/v2\/posts\/300422","targetHints":{"allow":["GET"]}}],"collection":[{"href":"https:\/\/www.focolare.org\/pt-pt\/wp-json\/wp\/v2\/posts"}],"about":[{"href":"https:\/\/www.focolare.org\/pt-pt\/wp-json\/wp\/v2\/types\/post"}],"author":[{"embeddable":true,"href":"https:\/\/www.focolare.org\/pt-pt\/wp-json\/wp\/v2\/users\/34"}],"replies":[{"embeddable":true,"href":"https:\/\/www.focolare.org\/pt-pt\/wp-json\/wp\/v2\/comments?post=300422"}],"version-history":[{"count":0,"href":"https:\/\/www.focolare.org\/pt-pt\/wp-json\/wp\/v2\/posts\/300422\/revisions"}],"wp:attachment":[{"href":"https:\/\/www.focolare.org\/pt-pt\/wp-json\/wp\/v2\/media?parent=300422"}],"wp:term":[{"taxonomy":"category","embeddable":true,"href":"https:\/\/www.focolare.org\/pt-pt\/wp-json\/wp\/v2\/categories?post=300422"},{"taxonomy":"post_tag","embeddable":true,"href":"https:\/\/www.focolare.org\/pt-pt\/wp-json\/wp\/v2\/tags?post=300422"}],"curies":[{"name":"wp","href":"https:\/\/api.w.org\/{rel}","templated":true}]}}