{"id":300586,"date":"2011-02-26T10:00:19","date_gmt":"2011-02-26T09:00:19","guid":{"rendered":"https:\/\/www.focolare.org\/o-conselho-geral-do-movimento-dos-focolares-na-terra-santa\/"},"modified":"2024-05-13T21:12:16","modified_gmt":"2024-05-13T19:12:16","slug":"o-conselho-geral-do-movimento-dos-focolares-na-terra-santa","status":"publish","type":"post","link":"https:\/\/www.focolare.org\/pt-pt\/o-conselho-geral-do-movimento-dos-focolares-na-terra-santa\/","title":{"rendered":"O Conselho geral do Movimento dos Focolares na Terra Santa"},"content":{"rendered":"<p><p><strong><img alt=\"\" alt=\"\" loading=\"lazy\" decoding=\"async\" class=\"alignright size-large wp-image-27140\" style=\"margin-left: 10px;margin-bottom: 5px;border: 1px solid black\" src=\"https:\/\/www.focolare.org\/wp-content\/uploads\/2011\/02\/110225-01-200x150.jpg\" alt=\"\" width=\"200\" height=\"150\" \/>Domingo passado chegaram em Israel os membros do Conselho geral do Movimento dos Focolares<\/strong>, para iniciar a j\u00e1 prevista semana de peregrina\u00e7\u00e3o, com a Presidente, Maria Voce, e o copresidente, Giancarlo Faletti, que conclu\u00edram a sua visita oficial \u00e0s comunidades do Movimento na Terra Santa.<\/p>\n<p><strong>Os membros do Conselho foram recepcionados, no aeroporto Ben Gurion, de Tel Aviv, por uma representa\u00e7\u00e3o da comunidade local<\/strong>, com o calor caracter\u00edstico desta cultura. Dirigiram-se ent\u00e3o para a <em>Domus Galilaeae<\/em>, no Lago de Tiber\u00edades, que os hospedou nos primeiros dias da sua perman\u00eancia. A constru\u00e7\u00e3o erguida pelo Caminho Neocatecumenal no in\u00edcio do novo mil\u00eanio, foi aben\u00e7oada por Jo\u00e3o Paulo II durante a sua hist\u00f3rica visita do ano 2000, quando celebrou a Missa para milhares de peregrinos, justamente no vale aos p\u00e9s do Monte das Bem-aventuran\u00e7as. Aben\u00e7oando a nova casa o Papa disse: \u201cO Senhor os esperou aqui, sobre esta montanha!\u201d. Palavras significativas, que hoje dominam diante da entrada e acolhem todos os visitantes que chegam \u00e0 <em>Domus Galilaeae. <\/em><\/p>\n<p><strong><img alt=\"\" alt=\"\" loading=\"lazy\" decoding=\"async\" class=\"alignleft size-large wp-image-27141\" style=\"margin-right: 10px;border: 0pt none\" src=\"https:\/\/www.focolare.org\/wp-content\/uploads\/2011\/02\/110225-02-200x150.jpg\" alt=\"\" width=\"200\" height=\"150\" \/>O encontro de Maria Voce e dos conselheiros gerais do Movimento, com a comunidade neo-catecumenal foi muito caloroso<\/strong> e caracterizado por momentos de conhecimento rec\u00edproco. No dia 22 de fevereiro, festa da C\u00e1tedra de Pedro, as duas comunidades reuniram-se para a celebra\u00e7\u00e3o eucar\u00edstica.<\/p>\n<p>O Conselho do Movimento transcorreu, ent\u00e3o, tr\u00eas dias e meio nos quais intercalaram-se momentos de medita\u00e7\u00e3o e comunh\u00e3o de experi\u00eancias e de trabalho, em torno dos desafios e perspectivas que as diversas realidades dos Focolares enfrentam atualmente, nas v\u00e1rias partes do mundo e nos contextos eclesiais e sociais onde o Movimento est\u00e1 presente e atuante.<\/p>\n<p>Emergiu, com sempre maior evid\u00eancia, o mandato de unidade e comunh\u00e3o que a pr\u00f3pria Chiara Lubich deixou para o futuro da Obra de Maria.<\/p><\/p>\n","protected":false},"excerpt":{"rendered":"<p>De 21 a 28 de fevereiro os dirigentes centrais do Movimento encontram-se na terra de Jesus. No programa, tr\u00eas dias de retiro espiritual e uma peregrina\u00e7\u00e3o aos lugares santos, \u201csobre os passos de Jesus\u201d.<\/p>\n","protected":false},"author":34,"featured_media":0,"comment_status":"open","ping_status":"open","sticky":false,"template":"","format":"standard","meta":{"give_campaign_id":0,"_seopress_robots_primary_cat":"","_seopress_titles_title":"","_seopress_titles_desc":"","_seopress_robots_index":"","_et_pb_use_builder":"","_et_pb_old_content":"","_et_gb_content_width":"","footnotes":""},"categories":[129],"tags":[],"class_list":["post-300586","post","type-post","status-publish","format-standard","hentry","category-sem-categoria"],"_links":{"self":[{"href":"https:\/\/www.focolare.org\/pt-pt\/wp-json\/wp\/v2\/posts\/300586","targetHints":{"allow":["GET"]}}],"collection":[{"href":"https:\/\/www.focolare.org\/pt-pt\/wp-json\/wp\/v2\/posts"}],"about":[{"href":"https:\/\/www.focolare.org\/pt-pt\/wp-json\/wp\/v2\/types\/post"}],"author":[{"embeddable":true,"href":"https:\/\/www.focolare.org\/pt-pt\/wp-json\/wp\/v2\/users\/34"}],"replies":[{"embeddable":true,"href":"https:\/\/www.focolare.org\/pt-pt\/wp-json\/wp\/v2\/comments?post=300586"}],"version-history":[{"count":0,"href":"https:\/\/www.focolare.org\/pt-pt\/wp-json\/wp\/v2\/posts\/300586\/revisions"}],"wp:attachment":[{"href":"https:\/\/www.focolare.org\/pt-pt\/wp-json\/wp\/v2\/media?parent=300586"}],"wp:term":[{"taxonomy":"category","embeddable":true,"href":"https:\/\/www.focolare.org\/pt-pt\/wp-json\/wp\/v2\/categories?post=300586"},{"taxonomy":"post_tag","embeddable":true,"href":"https:\/\/www.focolare.org\/pt-pt\/wp-json\/wp\/v2\/tags?post=300586"}],"curies":[{"name":"wp","href":"https:\/\/api.w.org\/{rel}","templated":true}]}}