{"id":300630,"date":"2011-03-04T10:07:43","date_gmt":"2011-03-04T09:07:43","guid":{"rendered":"https:\/\/www.focolare.org\/acao-por-um-mundo-unido-completa-25-anos\/"},"modified":"2024-05-13T21:12:22","modified_gmt":"2024-05-13T19:12:22","slug":"acao-por-um-mundo-unido-completa-25-anos","status":"publish","type":"post","link":"https:\/\/www.focolare.org\/pt-pt\/acao-por-um-mundo-unido-completa-25-anos\/","title":{"rendered":"\u201cA\u00e7\u00e3o por um Mundo Unido\u201d completa 25 anos"},"content":{"rendered":"<p><p><img alt=\"\" alt=\"\" loading=\"lazy\" decoding=\"async\" class=\"alignright size-200x200 wp-image-27857\" style=\"margin-left: 10px;border: 0pt none\" src=\"https:\/\/www.focolare.org\/wp-content\/uploads\/2011\/03\/110304-03-200x200.jpg\" alt=\"\" width=\"200\" height=\"200\" \/>A \u00e1gua, o ar, a terra, o conhecimento, a tecnologia, as diversidades culturais, a paz, a biodiversidade, a vida&#8230; bens comuns a serem tutelados. N\u00e3o s\u00f3 pelos governos e organismos internacionais, mas por qualquer pessoa, fam\u00edlia e comunidade.<\/p>\n<p>Todos somos chamados a criar uma cultura nova, baseada na interdepend\u00eancia, solidariedade, justi\u00e7a e comunh\u00e3o, por meio de estilos de vida orientados ao bem comum.<\/p>\n<p>O conceito de bem comum \u00e9 o mesmo na \u00c1sia, \u00c1frica, Europa?<\/p>\n<p><strong>S\u00e3o estas as quest\u00f5es postas pelo encontro<\/strong><em> \u201cEm busca do Bem Comum \u2013 Para conservar o patrim\u00f4nio da humanidade\u201d<\/em>, <strong>organizado pela AMU, Associa\u00e7\u00e3o A\u00e7\u00e3o por um Mundo Unido, a 25 anos da sua funda\u00e7\u00e3o<\/strong>, com participantes da Tail\u00e2ndia, L\u00edbano, Burkina Faso, Burundi, Brasil, Alemanha, Espanha e It\u00e1lia, nos <strong>dias 5 e 6 de mar\u00e7o, em Ciampino (Roma).<\/strong><\/p>\n<p><strong>Palestrantes e testemunhas qualificadas<\/strong> abrir\u00e3o o di\u00e1logo com os participantes sobre economia solid\u00e1ria, tutela das reservas naturais, cidadania global, coopera\u00e7\u00e3o ao desenvolvimento. Entre outros:<\/p>\n<ul>\n<li><strong>Guido Barbera<\/strong>, presidente da CIPSI (Coordena\u00e7\u00e3o de Iniciativas Populares de Solidariedade Internacional) &#8211; It\u00e1lia<\/li>\n<\/ul>\n<ul>\n<li><strong>Luigino Bruni<\/strong>, professor associado de Economia Pol\u00edtica na Universidade Bicocca, de Mil\u00e3o<\/li>\n<\/ul>\n<ul>\n<li><strong>Vincenzo Buonomo<\/strong>, professor ordin\u00e1rio de Direito Internacional e Reitor da Faculdade de Jurisprud\u00eancia da Pontif\u00edcia Universidade Lateranense, de Roma<\/li>\n<\/ul>\n<ul>\n<li><strong>Rosario Lembo<\/strong>, Secret\u00e1rio Nacional do Comit\u00ea para o Contrato Mundial da \u00c1gua &#8211; It\u00e1lia<\/li>\n<\/ul>\n<ul>\n<li><strong>Alberto Lo Presti<\/strong>, professor de Hist\u00f3ria das Doutrinas Pol\u00edticas na Pontif\u00edcia Universidade S\u00e3o Tom\u00e1s de Aquino \u2013 Angelicum, de Roma<\/li>\n<\/ul>\n<ul>\n<li><strong>Telma Rocha<\/strong>, do setor de projetos para a Am\u00e9rica Latina da Funda\u00e7\u00e3o Avina &#8211; Brasil<\/li>\n<\/ul>\n<ul>\n<li><strong>Godefroy Sankara<\/strong>, diretor da Buudu \u00c1frica e coordenador de <em>\u00c1frica pro Mundo &#8211; <\/em>Burkina Faso<\/li>\n<\/ul>\n<ul>\n<li><strong>Stefano Zamagni<\/strong>, professor ordin\u00e1rio da Faculdade de Economia da Universidade de Bolonha<\/li>\n<\/ul>\n<p>Consta no programa a exposi\u00e7\u00e3o de algumas experi\u00eancias de <strong>economia solid\u00e1ria<\/strong>, atrav\u00e9s de estandes e laborat\u00f3rios. Um espa\u00e7o privilegiado ser\u00e1 dado aos jovens e ao <strong>projeto sobre cidadania ativa <em>\u201cFortes sem viol\u00eancia\u201d<\/em><\/strong>, realizado na Alemanha, e a depoimentos do Brasil, L\u00edbano e Burundi.<\/p>\n<p>O encontro \u00e9 aberto a todos os cidad\u00e3os e dirige-se a agentes da solidariedade internacional, \u00e0s associa\u00e7\u00f5es e a todos os interessados no tema do desenvolvimento sustent\u00e1vel.<\/p>\n<p><strong>A AMU tem sua idoneidade reconhecida pelo Minist\u00e9rio de Rela\u00e7\u00f5es Exteriores italiano<\/strong>, para a realiza\u00e7\u00e3o de projetos de coopera\u00e7\u00e3o nos pa\u00edses em via de desenvolvimento, e para atividades de forma\u00e7\u00e3o e educa\u00e7\u00e3o ao desenvolvimento.<\/p>\n<p>Inspira-se na espiritualidade do Movimento dos Focolares e prop\u00f5em-se a difundir uma cultura do di\u00e1logo e da unidade entre os povos. Juntamente com as popula\u00e7\u00f5es envolvidas, atua na realiza\u00e7\u00e3o de atividades sustent\u00e1veis, que coloquem as premissas de um desenvolvimento efetivo, no respeito \u00e0 realidade social, cultural e econ\u00f4mica local.<\/p>\n<p>Para informa\u00e7\u00f5es:<\/p>\n<p><strong><em>Associazione \u201cAzione per un Mondo Unito \u2013 ONLUS \u2013 \u201c (AMU)<\/em><\/strong><\/p>\n<p>tel. : \u00a006 94792170<\/p>\n<p>Patrizia Mazzola cell. 335.616.54.04<\/p>\n<p>e-mail: <a href=\"mailto:eas@amu-it.eu\">eas@amu-it.eu<\/a><\/p>\n<p>website: <a href=\"http:\/\/www.amu-it.eu\/\">www.amu-it.eu<\/a><\/p><\/p>\n","protected":false},"excerpt":{"rendered":"<p>O evento ser\u00e1 celebrado com o Congresso \u201cEm busca do Bem Comum. Para conservar o patrim\u00f4nio da humanidade\u201d, em Roma.<\/p>\n","protected":false},"author":34,"featured_media":0,"comment_status":"open","ping_status":"open","sticky":false,"template":"","format":"standard","meta":{"give_campaign_id":0,"_seopress_robots_primary_cat":"","_seopress_titles_title":"","_seopress_titles_desc":"","_seopress_robots_index":"","_et_pb_use_builder":"","_et_pb_old_content":"","_et_gb_content_width":"","footnotes":""},"categories":[129],"tags":[],"class_list":["post-300630","post","type-post","status-publish","format-standard","hentry","category-sem-categoria"],"_links":{"self":[{"href":"https:\/\/www.focolare.org\/pt-pt\/wp-json\/wp\/v2\/posts\/300630","targetHints":{"allow":["GET"]}}],"collection":[{"href":"https:\/\/www.focolare.org\/pt-pt\/wp-json\/wp\/v2\/posts"}],"about":[{"href":"https:\/\/www.focolare.org\/pt-pt\/wp-json\/wp\/v2\/types\/post"}],"author":[{"embeddable":true,"href":"https:\/\/www.focolare.org\/pt-pt\/wp-json\/wp\/v2\/users\/34"}],"replies":[{"embeddable":true,"href":"https:\/\/www.focolare.org\/pt-pt\/wp-json\/wp\/v2\/comments?post=300630"}],"version-history":[{"count":0,"href":"https:\/\/www.focolare.org\/pt-pt\/wp-json\/wp\/v2\/posts\/300630\/revisions"}],"wp:attachment":[{"href":"https:\/\/www.focolare.org\/pt-pt\/wp-json\/wp\/v2\/media?parent=300630"}],"wp:term":[{"taxonomy":"category","embeddable":true,"href":"https:\/\/www.focolare.org\/pt-pt\/wp-json\/wp\/v2\/categories?post=300630"},{"taxonomy":"post_tag","embeddable":true,"href":"https:\/\/www.focolare.org\/pt-pt\/wp-json\/wp\/v2\/tags?post=300630"}],"curies":[{"name":"wp","href":"https:\/\/api.w.org\/{rel}","templated":true}]}}