{"id":300648,"date":"2011-03-10T05:30:51","date_gmt":"2011-03-10T04:30:51","guid":{"rendered":"https:\/\/www.focolare.org\/com-chiara-lubich-novos-livros\/"},"modified":"2024-05-13T21:12:24","modified_gmt":"2024-05-13T19:12:24","slug":"com-chiara-lubich-novos-livros","status":"publish","type":"post","link":"https:\/\/www.focolare.org\/pt-pt\/com-chiara-lubich-novos-livros\/","title":{"rendered":"Com Chiara Lubich \u2013 Novos livros"},"content":{"rendered":"<p><strong>Levar-Te o mundo em meus bra\u00e7os<\/strong>  <em>De Armando Torno, editora Citt\u00e0 Nuova (Roma)<\/em>  <img alt=\"\" alt=\"\" loading=\"lazy\" decoding=\"async\" class=\"alignright size-200x200 wp-image-28107\" style=\"border: 0pt none;margin: 5px\" src=\"https:\/\/www.focolare.org\/wp-content\/uploads\/2011\/03\/20110309-04-200x200.jpg\" alt=\"\" width=\"200\" height=\"200\" \/>A partir dos testemunhos de suas primeiras companheiras e companheiros, que com ela partilharam uma longa aventura espiritual e humana, e de um amplo material in\u00e9dito, Torno tra\u00e7a uma biografia de Chiara Lubich (1920-2008), elaborando uma narrativa cronol\u00f3gica, que n\u00e3o deseja ser hagiogr\u00e1fica, nem confundir a figura da fundadora com a sua obra.  Pela primeira vez, em um livro que todos poder\u00e3o ler, delineia-se uma exist\u00eancia extraordin\u00e1ria e, ao mesmo tempo, simplic\u00edssima, na qual o Evangelho foi, indiscutivelmente, a maior refer\u00eancia.  <em><strong>Chiara Lubich. A vontade de Deus.<\/strong><\/em>  <em>De Lucia Abignente, editora Citt\u00e0 Nuova (Roma)<\/em>  Organizado por Lucia Abignente, este livro re\u00fane pensamentos, p\u00e1ginas de di\u00e1rio, cartas e mensagens \u2013 em grande parte in\u00e9ditos e hoje conservados no Centro Chiara Lubich \u2013 da fundadora do Movimento dos Focolares, ao redor de um dos temas fundamentais da vida crist\u00e3. Chiara mesma falou e escreveu muitas vezes sobre a vontade de Deus, propondo-a como caminho de santidade para todos, a ser vivido em cada momento da vida. Mas esta \u00e9, antes de tudo, uma resposta de amor do homem a Deus: \u201cA Deus, que nos ama imensamente, respondemos procurando am\u00e1-lo imensamente. N\u00f3s n\u00e3o ter\u00edamos tido sentido no mundo, se n\u00e3o fossemos uma pequena chama deste infinito braseiro: amor que responde ao Amor\u201d. Assim Chiara se expressou nos \u00faltimos anos, recordando a experi\u00eancia vivida com suas primeiras companheiras, no in\u00edcio do Movimento.  <em><strong>Em Trento com Chiara Lubich. As palavras dos lugares<\/strong><\/em>  <em>De Franco Bataglia, editora Il Margine (Trento)<\/em>  <img alt=\"\" alt=\"\" loading=\"lazy\" decoding=\"async\" class=\"alignright size-200x200 wp-image-28100\" style=\"border: 0pt none;margin: 5px\" src=\"https:\/\/www.focolare.org\/wp-content\/uploads\/2011\/03\/20110309-02-127x200.jpg\" alt=\"\" width=\"127\" height=\"200\" \/>Um livro que nasceu de um passeio por Trento, pelas ruas e pra\u00e7as, casas e igrejas que marcaram a experi\u00eancia inicial de Chiara Lubich. Oitenta p\u00e1ginas que narram o entrela\u00e7amento da hist\u00f3ria dos v\u00e1rios lugares de Trento com a hist\u00f3ria pessoal de Chiara e suas primeiras companheiras. L\u00ea-se no pref\u00e1cio: \u201cDa \u2018casinha\u2019, o primeiro focolare, na Pra\u00e7a dos Capuchinhos n. 2 ao bosque Gota de Ouro, do bairro dos pobres, o Androne, \u00e0 catedral, o jornalista Franco de Battaglia reconstr\u00f3i o mapa da Trento de Chiara Lubich: um guia incomum, para a descoberta dos lugares, e tamb\u00e9m do itiner\u00e1rio existencial de uma das l\u00edderes religiosas mais importantes do s\u00e9culo vinte. A partir de Trento Chiara Lubich foi uma construtora incans\u00e1vel da unidade entre os crist\u00e3os e do di\u00e1logo inter-religioso, em todos os continentes. A sua hist\u00f3ria e as suas escolhas envolvem hoje milh\u00f5es de pessoas.<\/p>\n","protected":false},"excerpt":{"rendered":"<p>Tr\u00eas novidades editoriais ser\u00e3o publicadas nestes dias, no 3\u00ba anivers\u00e1rio da \u00faltima sauda\u00e7\u00e3o a Chiara. Uma biografia, um giro por Trento, sua cidade natal, e uma colet\u00e2nea p\u00f3stuma de escritos sobre o tema da Vontade de Deus, em grande parte in\u00e9ditos. Por enquanto em italiano, e proximamente nas outras l\u00ednguas.<\/p>\n","protected":false},"author":34,"featured_media":0,"comment_status":"open","ping_status":"open","sticky":false,"template":"","format":"standard","meta":{"give_campaign_id":0,"_seopress_robots_primary_cat":"","_seopress_titles_title":"","_seopress_titles_desc":"","_seopress_robots_index":"","_et_pb_use_builder":"","_et_pb_old_content":"","_et_gb_content_width":"","footnotes":""},"categories":[129],"tags":[],"class_list":["post-300648","post","type-post","status-publish","format-standard","hentry","category-sem-categoria"],"_links":{"self":[{"href":"https:\/\/www.focolare.org\/pt-pt\/wp-json\/wp\/v2\/posts\/300648","targetHints":{"allow":["GET"]}}],"collection":[{"href":"https:\/\/www.focolare.org\/pt-pt\/wp-json\/wp\/v2\/posts"}],"about":[{"href":"https:\/\/www.focolare.org\/pt-pt\/wp-json\/wp\/v2\/types\/post"}],"author":[{"embeddable":true,"href":"https:\/\/www.focolare.org\/pt-pt\/wp-json\/wp\/v2\/users\/34"}],"replies":[{"embeddable":true,"href":"https:\/\/www.focolare.org\/pt-pt\/wp-json\/wp\/v2\/comments?post=300648"}],"version-history":[{"count":0,"href":"https:\/\/www.focolare.org\/pt-pt\/wp-json\/wp\/v2\/posts\/300648\/revisions"}],"wp:attachment":[{"href":"https:\/\/www.focolare.org\/pt-pt\/wp-json\/wp\/v2\/media?parent=300648"}],"wp:term":[{"taxonomy":"category","embeddable":true,"href":"https:\/\/www.focolare.org\/pt-pt\/wp-json\/wp\/v2\/categories?post=300648"},{"taxonomy":"post_tag","embeddable":true,"href":"https:\/\/www.focolare.org\/pt-pt\/wp-json\/wp\/v2\/tags?post=300648"}],"curies":[{"name":"wp","href":"https:\/\/api.w.org\/{rel}","templated":true}]}}