{"id":300690,"date":"2011-03-19T05:29:28","date_gmt":"2011-03-19T04:29:28","guid":{"rendered":"https:\/\/www.focolare.org\/italia-com-o-calor-de-um-povo\/"},"modified":"2024-05-13T21:12:41","modified_gmt":"2024-05-13T19:12:41","slug":"italia-com-o-calor-de-um-povo","status":"publish","type":"post","link":"https:\/\/www.focolare.org\/pt-pt\/italia-com-o-calor-de-um-povo\/","title":{"rendered":"It\u00e1lia. Com o calor de um povo"},"content":{"rendered":"<p><em>A fraternidade, a urg\u00eancia do di\u00e1logo, a aten\u00e7\u00e3o aos \u00faltimos, a prem\u00eancia da legalidade. O terceiro anivers\u00e1rio da partida de Chiara Lubich para o C\u00e9u, serviu para que as comunidades do Movimento presentes na It\u00e1lia enfrentassem temas candentes para o povo italiano, \u00e0 luz da espiritualidade de comunh\u00e3o.<\/em>  <em><a rel=\"attachment wp-att-29075\" href=\"https:\/\/www.focolare.org\/news\/2011\/03\/19\/italia-con-il-calore-di-un-popolo\/20110319-04\/\"><img alt=\"\" alt=\"\" loading=\"lazy\" decoding=\"async\" class=\"size-200x200 wp-image-29075 alignleft\" style=\"margin-right: 10px;border: 0pt none\" src=\"https:\/\/www.focolare.org\/wp-content\/uploads\/2011\/03\/20110319-04-200x128.jpg\" alt=\"\" width=\"200\" height=\"128\" \/><\/a><\/em>Em <strong>Brescia<\/strong>, por exemplo, decidiu-se recordar a fundadora do Movimento dos Focolares com uma mesa-redonda com o t\u00edtulo <strong>\u201cChiara Lubich, uma vida pela unidade. O desafio da fraternidade\u201d<\/strong>. Em<strong> Mil\u00e3o<\/strong>, o cardeal Dionigi Tettamanzi presidiu uma Santa Missa na bas\u00edlica de Santo Ambr\u00f3sio. E todas as principais cidades da Lombardia recordaram Chiara nesse anivers\u00e1rio.  Tamb\u00e9m <strong>Roma<\/strong> homenageou Chiara, indicando os grandes caminhos que o seu carisma abriu para o di\u00e1logo. <strong>\u201cChiara Lubich, uma mulher em di\u00e1logo. Princ\u00edpios de di\u00e1logo inter-religioso e com o mundo da cultura contempor\u00e2nea\u201d <\/strong>foi o t\u00edtulo de um encontro realizado no prestigioso Pal\u00e1cio da Cancelaria. Tiveram a palavra duas mulheres: uma judia, Lisa Palmieri Billig, do Comit\u00ea Judeu Americano, e uma mu\u00e7ulmana, Sharzad Housmand, professora de estudos isl\u00e2micos na Universidade Gregoriana.  Concertos, missas, apresenta\u00e7\u00e3o de livros, encontros tem\u00e1ticos. E at\u00e9 um tour para descobrir <strong>\u201cA Roma de Chiara\u201d<\/strong>, guiado por Oreste Paliotti. Assim a capital homenageou Chiara, com um programa denso, estendido por toda a cidade. \u201cEsta proposta, de eventos depois de tr\u00eas anos do falecimento de Chiara Lubich \u2013 explicam os promotores das diversas iniciativas \u2013 quer dar visibilidade \u00e0 vida da comunidade do Movimento dos Focolares na cidade de Roma, que est\u00e1 presente capilarmente, nos ambientes mais diversos e nos v\u00e1rios setores e bairros da cidade\u201d.  E ainda, no centro da It\u00e1lia foram muitos os eventos organizados no <strong>Abruzzo<\/strong> e na <strong>Sardenha<\/strong>. Na regi\u00e3o do <strong>Lazio<\/strong> houve 18 eventos para recordar Chiara, com missas, encontros da comunidade, apresenta\u00e7\u00f5es de livros e mesas-redondas tem\u00e1ticas, que se espalharam de modo capilar, at\u00e9 nas menores localidades da regi\u00e3o, desde Poggio Mirteto e Tuscania at\u00e9 as cidades do litoral romano.<\/p>\n","protected":false},"excerpt":{"rendered":"<p>A It\u00e1lia, p\u00e1tria de Chiara Lubich, terra de onde partiu a difus\u00e3o do carisma da unidade, homenageou a fundadora do Movimento dos Focolares com o calor de um povo, e uma cultura que sabe perceber os desafios da sua atualidade.<\/p>\n","protected":false},"author":34,"featured_media":0,"comment_status":"open","ping_status":"open","sticky":false,"template":"","format":"standard","meta":{"give_campaign_id":0,"_seopress_robots_primary_cat":"","_seopress_titles_title":"","_seopress_titles_desc":"","_seopress_robots_index":"","_et_pb_use_builder":"","_et_pb_old_content":"","_et_gb_content_width":"","footnotes":""},"categories":[909],"tags":[],"class_list":["post-300690","post","type-post","status-publish","format-standard","hentry","category-focolare-worldwide-2-4"],"_links":{"self":[{"href":"https:\/\/www.focolare.org\/pt-pt\/wp-json\/wp\/v2\/posts\/300690","targetHints":{"allow":["GET"]}}],"collection":[{"href":"https:\/\/www.focolare.org\/pt-pt\/wp-json\/wp\/v2\/posts"}],"about":[{"href":"https:\/\/www.focolare.org\/pt-pt\/wp-json\/wp\/v2\/types\/post"}],"author":[{"embeddable":true,"href":"https:\/\/www.focolare.org\/pt-pt\/wp-json\/wp\/v2\/users\/34"}],"replies":[{"embeddable":true,"href":"https:\/\/www.focolare.org\/pt-pt\/wp-json\/wp\/v2\/comments?post=300690"}],"version-history":[{"count":0,"href":"https:\/\/www.focolare.org\/pt-pt\/wp-json\/wp\/v2\/posts\/300690\/revisions"}],"wp:attachment":[{"href":"https:\/\/www.focolare.org\/pt-pt\/wp-json\/wp\/v2\/media?parent=300690"}],"wp:term":[{"taxonomy":"category","embeddable":true,"href":"https:\/\/www.focolare.org\/pt-pt\/wp-json\/wp\/v2\/categories?post=300690"},{"taxonomy":"post_tag","embeddable":true,"href":"https:\/\/www.focolare.org\/pt-pt\/wp-json\/wp\/v2\/tags?post=300690"}],"curies":[{"name":"wp","href":"https:\/\/api.w.org\/{rel}","templated":true}]}}