{"id":300750,"date":"2011-03-29T05:00:38","date_gmt":"2011-03-29T03:00:38","guid":{"rendered":"https:\/\/www.focolare.org\/amazonia-escola-de-formacao-politica-para-jovens\/"},"modified":"2024-05-13T21:12:59","modified_gmt":"2024-05-13T19:12:59","slug":"amazonia-escola-de-formacao-politica-para-jovens","status":"publish","type":"post","link":"https:\/\/www.focolare.org\/pt-pt\/amazonia-escola-de-formacao-politica-para-jovens\/","title":{"rendered":"Amaz\u00f4nia: escola de forma\u00e7\u00e3o pol\u00edtica para jovens"},"content":{"rendered":"<p><p><img alt=\"\" alt=\"\" loading=\"lazy\" decoding=\"async\" class=\"alignleft size-200x200 wp-image-30209\" style=\"border: 0pt none;margin: 5px\" src=\"https:\/\/www.focolare.org\/wp-content\/uploads\/2011\/03\/20110328-01-200x128.jpg\" alt=\"\" width=\"200\" height=\"128\" \/>Um consistente grupo de jovens que se re\u00fane num s\u00e1bado de manh\u00e3 para discutir sobre pol\u00edtica. Pode parecer n\u00e3o usual, mas aconteceu s\u00e1bado, dia 12 de mar\u00e7o, em Manaus, a operosa capital do estado do Amazonas, uma das cidades mais importantes do norte do Brasil. Terra rica de belezas naturais e de folclore e ponto de partida para descobrir o fabuloso mundo amaz\u00f4nico.<\/p>\n<p>\u00c0s 9 horas da manh\u00e3 o <strong><em>F\u00f3rum Henoch Reis<\/em><\/strong> recebeu a aula inaugural do <a href=\"http:\/\/www.mppu.org.br\/novo\/index.php?option=com_content&amp;view=article&amp;id=77:aula-inaugural-da-segunda-turma-da-escola-civitas-em-manaus&amp;catid=39:manaus\" target=\"_blank\" rel=\"noopener\"><strong>segundo ciclo da Escola C\u00edvitas<\/strong><\/a>, um original itiner\u00e1rio formativo bienal, promovido pelo <a href=\"http:\/\/www.mppu.org.br\/novo\/\" target=\"_blank\" rel=\"noopener\"><strong>Movimento Pol\u00edtico pela Unidade no Brasil<\/strong><\/a>, e dirigido a jovens entre 19 e 29 anos, para a aquisi\u00e7\u00e3o de uma cidadania respons\u00e1vel e uma aproxima\u00e7\u00e3o consciente \u00e0 vida p\u00fablica.<\/p>\n<p>Os estudantes que participam <strong>n\u00e3o fazem refer\u00eancia a um credo religioso espec\u00edfico nem a algum partido pol\u00edtico<\/strong>. Tem expectativas exigentes. Segundo Itagi\u00e7ara Jacauna \u201c<em>este espa\u00e7o formativo d\u00e1 oportunidades para conhecer melhor a pol\u00edtica local<\/em>\u201d, e outro estudante, Vitor Kaleb, afirma: \u201c<em>Quero entender qual ser\u00e1 a proposta pol\u00edtica para as novas gera\u00e7\u00f5es e espero fortemente numa grande mudan\u00e7a dos cen\u00e1rios atuais<\/em>\u201d.<\/p>\n<p><img alt=\"\" alt=\"\" loading=\"lazy\" decoding=\"async\" class=\"alignright size-200x200 wp-image-30212\" style=\"border: 0pt none;margin: 5px\" src=\"https:\/\/www.focolare.org\/wp-content\/uploads\/2011\/03\/20110328-02-200x128.jpg\" alt=\"\" width=\"200\" height=\"128\" \/>Dez professores de \u00e1reas espec\u00edficas, quatro tutores e mais de 20 estudantes, comp\u00f5em a nova comunidade de aprendizagem inaugurada em Manaus. Entre os professores est\u00e3o tamb\u00e9m alguns pol\u00edticos, como o deputado estadual Jos\u00e9 Ricardo e a desembargadora Socorro Guedes.<\/p>\n<p>Participaram do evento, al\u00e9m do presidente nacional do <em>MPPU<\/em>, Sergio Pr\u00e9vide, o bispo D. Mario Pasqualotto, o vice-reitor da Universidade Federal da Amaz\u00f4nia, Hedinaldo Lima, pol\u00edticos, profissionais e ainda os alunos do ciclo precedente, que teve in\u00edcio em 2007, com 25 estudantes.<\/p>\n<p>A <em>Escola C\u00edvitas <\/em>de Manaus \u00e9 uma das <strong>11 presentes em dez estados brasileiros<\/strong>, que contam com cerca de 100 participantes. O programa inclui m\u00f3dulos formativos, projetos de a\u00e7\u00e3o local e semin\u00e1rios, nos quais aprofundam-se temas inerentes \u00e0 realidade sociopol\u00edtica brasileira e geopol\u00edtica latino-americana. O curso, na Universidade Federal da Amaz\u00f4nia, ter\u00e1 frequ\u00eancia semanal.<\/p>\n<p>Presentes em v\u00e1rios outros pa\u00edses (Argentina, Cor\u00e9ia e It\u00e1lia) as escolas do <em>MPPU<\/em>, respeitando o contexto sociopol\u00edtico-cultural nos quais est\u00e3o inseridas, tem um objetivo comum: aprofundar e praticar uma pol\u00edtica entendida como servi\u00e7o \u00e0 unidade da fam\u00edlia humana.<\/p><\/p>\n","protected":false},"excerpt":{"rendered":"<p>Em Manaus foi inaugurado o segundo ciclo da Escola C\u00edvitas, uma das 11 existentes no Brasil. Um original itiner\u00e1rio formativo bienal, promovido pelo Movimento Pol\u00edtico pela Unidade.<\/p>\n","protected":false},"author":34,"featured_media":0,"comment_status":"open","ping_status":"open","sticky":false,"template":"","format":"standard","meta":{"give_campaign_id":0,"_seopress_robots_primary_cat":"","_seopress_titles_title":"","_seopress_titles_desc":"","_seopress_robots_index":"","_et_pb_use_builder":"","_et_pb_old_content":"","_et_gb_content_width":"","footnotes":""},"categories":[909],"tags":[],"class_list":["post-300750","post","type-post","status-publish","format-standard","hentry","category-focolare-worldwide-2-4"],"_links":{"self":[{"href":"https:\/\/www.focolare.org\/pt-pt\/wp-json\/wp\/v2\/posts\/300750","targetHints":{"allow":["GET"]}}],"collection":[{"href":"https:\/\/www.focolare.org\/pt-pt\/wp-json\/wp\/v2\/posts"}],"about":[{"href":"https:\/\/www.focolare.org\/pt-pt\/wp-json\/wp\/v2\/types\/post"}],"author":[{"embeddable":true,"href":"https:\/\/www.focolare.org\/pt-pt\/wp-json\/wp\/v2\/users\/34"}],"replies":[{"embeddable":true,"href":"https:\/\/www.focolare.org\/pt-pt\/wp-json\/wp\/v2\/comments?post=300750"}],"version-history":[{"count":0,"href":"https:\/\/www.focolare.org\/pt-pt\/wp-json\/wp\/v2\/posts\/300750\/revisions"}],"wp:attachment":[{"href":"https:\/\/www.focolare.org\/pt-pt\/wp-json\/wp\/v2\/media?parent=300750"}],"wp:term":[{"taxonomy":"category","embeddable":true,"href":"https:\/\/www.focolare.org\/pt-pt\/wp-json\/wp\/v2\/categories?post=300750"},{"taxonomy":"post_tag","embeddable":true,"href":"https:\/\/www.focolare.org\/pt-pt\/wp-json\/wp\/v2\/tags?post=300750"}],"curies":[{"name":"wp","href":"https:\/\/api.w.org\/{rel}","templated":true}]}}