{"id":300762,"date":"2011-04-01T06:33:31","date_gmt":"2011-04-01T04:33:31","guid":{"rendered":"https:\/\/www.focolare.org\/itterzo-anniversario-di-chiara-lubich-ad-arequipaestercer-aniversario-de-chiara-en-arequipa\/"},"modified":"2024-05-13T21:13:01","modified_gmt":"2024-05-13T19:13:01","slug":"itterzo-anniversario-di-chiara-lubich-ad-arequipaestercer-aniversario-de-chiara-en-arequipa","status":"publish","type":"post","link":"https:\/\/www.focolare.org\/pt-pt\/itterzo-anniversario-di-chiara-lubich-ad-arequipaestercer-aniversario-de-chiara-en-arequipa\/","title":{"rendered":"[:it]Terzo anniversario di Chiara Lubich ad Arequipa[:es]Tercer Aniversario de Chiara en Arequipa"},"content":{"rendered":"<\/p>\n","protected":false},"excerpt":{"rendered":"<p>Homenaje a Chiara Lubich en su tercer aniversario, a trav\u00e9s de una conferencia sobre Econom\u00eda de Comuni\u00f3n.<\/p>\n","protected":false},"author":34,"featured_media":0,"comment_status":"open","ping_status":"open","sticky":false,"template":"","format":"standard","meta":{"give_campaign_id":0,"_seopress_robots_primary_cat":"","_seopress_titles_title":"","_seopress_titles_desc":"","_seopress_robots_index":"","_et_pb_use_builder":"","_et_pb_old_content":"","_et_gb_content_width":"","footnotes":""},"categories":[909],"tags":[],"class_list":["post-300762","post","type-post","status-publish","format-standard","hentry","category-focolare-worldwide-2-4"],"_links":{"self":[{"href":"https:\/\/www.focolare.org\/pt-pt\/wp-json\/wp\/v2\/posts\/300762","targetHints":{"allow":["GET"]}}],"collection":[{"href":"https:\/\/www.focolare.org\/pt-pt\/wp-json\/wp\/v2\/posts"}],"about":[{"href":"https:\/\/www.focolare.org\/pt-pt\/wp-json\/wp\/v2\/types\/post"}],"author":[{"embeddable":true,"href":"https:\/\/www.focolare.org\/pt-pt\/wp-json\/wp\/v2\/users\/34"}],"replies":[{"embeddable":true,"href":"https:\/\/www.focolare.org\/pt-pt\/wp-json\/wp\/v2\/comments?post=300762"}],"version-history":[{"count":0,"href":"https:\/\/www.focolare.org\/pt-pt\/wp-json\/wp\/v2\/posts\/300762\/revisions"}],"wp:attachment":[{"href":"https:\/\/www.focolare.org\/pt-pt\/wp-json\/wp\/v2\/media?parent=300762"}],"wp:term":[{"taxonomy":"category","embeddable":true,"href":"https:\/\/www.focolare.org\/pt-pt\/wp-json\/wp\/v2\/categories?post=300762"},{"taxonomy":"post_tag","embeddable":true,"href":"https:\/\/www.focolare.org\/pt-pt\/wp-json\/wp\/v2\/tags?post=300762"}],"curies":[{"name":"wp","href":"https:\/\/api.w.org\/{rel}","templated":true}]}}