{"id":300778,"date":"2011-04-03T10:30:27","date_gmt":"2011-04-03T08:30:27","guid":{"rendered":"https:\/\/www.focolare.org\/o-jubileu-do-movimento-dos-focolares-no-novo-mundo\/"},"modified":"2024-05-13T21:13:03","modified_gmt":"2024-05-13T19:13:03","slug":"o-jubileu-do-movimento-dos-focolares-no-novo-mundo","status":"publish","type":"post","link":"https:\/\/www.focolare.org\/pt-pt\/o-jubileu-do-movimento-dos-focolares-no-novo-mundo\/","title":{"rendered":"O Jubileu do Movimento dos Focolares no Novo Mundo"},"content":{"rendered":"<p><strong>No final parecia estar na Broadway<\/strong>, na conclus\u00e3o de um musical. Camisas pretas para homens e mulheres, sapatilhas amarelas e azuis para as garotas, dan\u00e7as e uma sequencia de can\u00e7\u00f5es conhecidas, que contavam alegrias e anseios, dores e sonhos do povo americano. O aplauso prolongado exprimia a alegria e o reconhecimento por \u00ab<em>um dia inesquec\u00edvel para toda a Am\u00e9rica do Norte<\/em>\u00bb, como foi dito pelos apresentadores, e que necessitou de meio s\u00e9culo de prepara\u00e7\u00e3o.<\/p>\n<p>O encontro, realizado a 150 quil\u00f4metros ao norte de Nova Iorque, celebrou os 50 anos da chegada do Movimento dos Focolares na Am\u00e9rica do Norte, reuniu 1300 pessoas, representantes das muitas comunidades presentes no Canad\u00e1, Estados Unidos e Ilhas Cara\u00edbas. Judeus e mu\u00e7ulmanos afro-americanos tamb\u00e9m participaram da festa. \u00ab<em>\u00c9 um pa\u00eds adequado \u00e0 espiritualidade do Movimento<\/em> \u2013 afirmou Chiara Lubich, quando chegou aos USA em 1964 \u2013 <em>existe um verdadeiro senso de internacionalidade<\/em>\u00bb.<\/p>\n<p>Era a sua primeira visita. Seguiram-se outras seis, para sublinhar a import\u00e2ncia estrat\u00e9gica que atribu\u00eda a esta parte do continente. Cada vez que a fundadora vinha abriam-se novas estradas, do di\u00e1logo com os mu\u00e7ulmanos afro-americanos (primeira mulher a falar na mesquita de Malcom X), \u00e0 colabora\u00e7\u00e3o com atores, diretores e cenografistas de Hollywood.<\/p>\n<p>E pensar que o tempo para desembarcar no Novo Mundo n\u00e3o parecia ter chegado. <strong>Foi assim a hist\u00f3ria<\/strong>. Julia Conley, de Detroit, ao retornar aos Estados Unidos depois da Mari\u00e1polis de Friburgo, em 1960, escreveu a Chiara Lubich e a pe. Foresi pedindo que enviassem algu\u00e9m aos Estados Unidos, que ela teria hospedado. A carta n\u00e3o produziu efeito. Mas a senhora (como boa americana) n\u00e3o perdeu a coragem e escreveu novamente, desta vez enviando o dinheiro para duas passagens a\u00e9reas. Ent\u00e3o Chiara disse: \u201cEste \u00e9 um sinal de Deus\u201d. E <strong>mandou Silvana Veronesi<\/strong>, uma das suas primeiras companheiras, e <strong>Giovanna Vernuccio<\/strong>. Em 1961 Giovanna voltou para Nova Iorque, com<strong> Serenella Silvi<\/strong> (presente \u00e0 celebra\u00e7\u00e3o) e <strong>Antonio Petrilli<\/strong>, que iniciaram os dois focolares.<\/p>\n<p>Jogando com os <em>apps<\/em> \u2013 aplicativos dos celulares de \u00faltima gera\u00e7\u00e3o \u2013 os jovens fizeram com que todos os presentes girassem pela Am\u00e9rica do Norte, apresentando fotos e narrativas, ao vivo e em v\u00eddeo, e iniciativas nos v\u00e1rios estados. E podiam faltar os efeitos especiais? As comunidades da Costa Oeste, do Pac\u00edfico, onde encontra-se Holywood, tiveram a ideia de iniciar com uma sigla, aquela da abertura dos filmes da <em>Twenty Century Fox, <\/em>com os refletores que cruzam o c\u00e9u \u2013 todos lembram \u2013 e a inconfund\u00edvel m\u00fasica de fundo, substituindo o nome da produtora por: <em>West Coast Focolare. <\/em><\/p>\n<p>Mas o momento culminante ainda deveria chegar. Subiram ao palco <strong>Maria Voce e Giancarlo Faletti para um di\u00e1logo com os presentes<\/strong>. Setenta minutos de conversa, respondendo a onze perguntas que tocaram temas fundamentais: o medo do sofrimento e da morte, o relacionamento entre Evangelho e n\u00edveis de bem-estar, os abusos sexuais na Igreja americana, a rela\u00e7\u00e3o com a m\u00eddia.<\/p>\n<p><em>\u00abDeixem-me pensar naquelas duas jovens que tinham diante de si esta vasta na\u00e7\u00e3o<\/em> \u2013 confidenciou a presidente \u2013 <em>e ver hoje, ap\u00f3s 50 anos, quanto cresceu a fam\u00edlia que voc\u00eas representam\u00bb<\/em>. Um instante de pausa e depois o mandato: <em>\u00abEste \u00e9 o mandato de Chiara, ser outra Silvana, outra Giovanna, que retorna para a pr\u00f3pria cidade com o mesmo anseio de testemunhar o carisma da unidade\u00bb<\/em>.<\/p>\n<p>Maria Voce ficou tocada pela simplicidade, genuinidade e generosidade deste povo, mas colocou em relevo tamb\u00e9m o otimismo, que ajuda sempre a encontrar um rem\u00e9dio, em qualquer situa\u00e7\u00e3o. E espontaneamente lan\u00e7ou uma frase que soou como um slogan: \u00ab<em>Depois desses 50 anos h\u00e1 ainda algo que podemos fazer, e o faremos!<\/em>\u00bb.<\/p>\n<p>Enviando <strong>seus votos, Bento XVI<\/strong> sublinhou que <em>\u00abconscientes da sens\u00edvel dimens\u00e3o multicultural do Movimento dos Focolares na Am\u00e9rica do Norte, reza a fim de que os liames estabelecidos com membros das outras comunidades religiosas tragam frutos abundantes para o progresso da compreens\u00e3o rec\u00edproca e da solidariedade espiritual, \u00e0 servi\u00e7o da inteira fam\u00edlia humana\u00bb<\/em>.<\/p>\n<p><strong>Paolo L\u00f2riga<\/strong><\/p>\n<p>[nggallery id=25]<\/p>\n","protected":false},"excerpt":{"rendered":"<p>Reunidas na Mari\u00e1polis permanente, nos arredores de Nova Iorque, 1300 pessoas, representantes das muitas comunidades espalhadas no Canad\u00e1, Estados Unidos e Ilhas Cara\u00edbas, para celebrar os 50 anos da chegada dos Focolares na Am\u00e9rica do Norte. Presentes tamb\u00e9m amigos judeus e mu\u00e7ulmanos afro-americanos.<\/p>\n","protected":false},"author":33,"featured_media":0,"comment_status":"open","ping_status":"open","sticky":false,"template":"","format":"standard","meta":{"give_campaign_id":0,"_seopress_robots_primary_cat":"","_seopress_titles_title":"","_seopress_titles_desc":"","_seopress_robots_index":"","_et_pb_use_builder":"","_et_pb_old_content":"","_et_gb_content_width":"","footnotes":""},"categories":[129],"tags":[],"class_list":["post-300778","post","type-post","status-publish","format-standard","hentry","category-sem-categoria"],"_links":{"self":[{"href":"https:\/\/www.focolare.org\/pt-pt\/wp-json\/wp\/v2\/posts\/300778","targetHints":{"allow":["GET"]}}],"collection":[{"href":"https:\/\/www.focolare.org\/pt-pt\/wp-json\/wp\/v2\/posts"}],"about":[{"href":"https:\/\/www.focolare.org\/pt-pt\/wp-json\/wp\/v2\/types\/post"}],"author":[{"embeddable":true,"href":"https:\/\/www.focolare.org\/pt-pt\/wp-json\/wp\/v2\/users\/33"}],"replies":[{"embeddable":true,"href":"https:\/\/www.focolare.org\/pt-pt\/wp-json\/wp\/v2\/comments?post=300778"}],"version-history":[{"count":0,"href":"https:\/\/www.focolare.org\/pt-pt\/wp-json\/wp\/v2\/posts\/300778\/revisions"}],"wp:attachment":[{"href":"https:\/\/www.focolare.org\/pt-pt\/wp-json\/wp\/v2\/media?parent=300778"}],"wp:term":[{"taxonomy":"category","embeddable":true,"href":"https:\/\/www.focolare.org\/pt-pt\/wp-json\/wp\/v2\/categories?post=300778"},{"taxonomy":"post_tag","embeddable":true,"href":"https:\/\/www.focolare.org\/pt-pt\/wp-json\/wp\/v2\/tags?post=300778"}],"curies":[{"name":"wp","href":"https:\/\/api.w.org\/{rel}","templated":true}]}}