{"id":300790,"date":"2011-04-05T15:12:35","date_gmt":"2011-04-05T13:12:35","guid":{"rendered":"https:\/\/www.focolare.org\/um-tempo-para-a-vida\/"},"modified":"2024-05-13T21:13:05","modified_gmt":"2024-05-13T19:13:05","slug":"um-tempo-para-a-vida","status":"publish","type":"post","link":"https:\/\/www.focolare.org\/pt-pt\/um-tempo-para-a-vida\/","title":{"rendered":"Um tempo para a vida"},"content":{"rendered":"<p><img alt=\"\" alt=\"\" loading=\"lazy\" decoding=\"async\" class=\"size-full wp-image-31194 alignleft\" style=\"margin-bottom: 10px;margin-right: 15px;border: 0pt\" src=\"https:\/\/www.focolare.org\/wp-content\/uploads\/2011\/04\/20110405-05.jpg\" alt=\"\" width=\"274\" height=\"209\" \/>N\u00e3o sei o que a palavra \u201cposs\u00edveis\u201d sugere a voc\u00eas. Eu penso s\u00f3 numa coisa: nestas 40 jovens que est\u00e3o aqui na minha frente, que s\u00e3o poss\u00edveis <a href=\"https:\/\/www.focolare.org\/pt\/movimento-dei-focolari\/scelte-e-impegno\/focolarini\/\" target=\"_blank\" rel=\"noopener\"><strong>focolarinas<\/strong><\/a>.  <strong>Na vida muitas escolhas podem ser feitas, e muitas escolhas maravilhosas<\/strong>. Elas decidiram vir passar um tempo, que foi chamado <strong>\u201cum tempo para a vida\u201d<\/strong>, com um lema bem definido: <strong>\u201caqui estou\u201d<\/strong>, ou seja, estou pronta a tudo.  Devo dizer que foram, para mim tamb\u00e9m, dias vivificantes. Deus tem uma grande fantasia. As hist\u00f3rias delas s\u00e3o uma mais linda do que a outra, ainda \u201cverdes\u201d, a serem desenvolvidas, mas o in\u00edcio promete.  <strong>Micarla, de Recife<\/strong>, veio para buscar a verdade e encontr\u00e1-la, porque esta foi sempre a sua ideia fixa. Hoje est\u00e1 feliz!  <strong>Grisel, de Mendoza (Argentina)<\/strong> tem 27 anos, ama as revolu\u00e7\u00f5es e encontrou em Maria de Nazar\u00e9 a maior revolucion\u00e1ria da hist\u00f3ria. \u201cQuero ser como ela\u201d, nos disse. \u201cO que me fascina na <a href=\"https:\/\/www.focolare.org\/pt\/movimento-dei-focolari\/scelte-e-impegno\/focolarini\/\" target=\"_blank\" rel=\"noopener\"><strong>voca\u00e7\u00e3o ao focolare<\/strong><\/a>? Vejo homens e mulheres realizados, distribuidores de Deus. Doar toda a minha vida a Deus foi uma consequ\u00eancia l\u00f3gica: se Ele me ama com um amor infinito como posso n\u00e3o dar-lhe tudo?\u201d.  <strong>Vida, 24 anos, da Litu\u00e2nia<\/strong>: \u201cTive muitas<strong> d\u00favidas<\/strong>, d\u00favidas atuais: \u00e9 poss\u00edvel seguir a Deus a vida inteira ou \u00e9 melhor que eu constitua uma fam\u00edlia? O que me deu paz e certeza foi a liberdade que continuo a experimentar dizendo o meu sim a Ele. Liberdade de amar o mundo inteiro\u201d.  <strong><img alt=\"\" alt=\"\" loading=\"lazy\" decoding=\"async\" class=\"alignright size-full wp-image-31195\" style=\"margin-left: 10px;border: 0pt\" src=\"https:\/\/www.focolare.org\/wp-content\/uploads\/2011\/04\/20110406-06.jpg\" alt=\"\" width=\"281\" height=\"180\" \/>Emma \u00e9 mexicana<\/strong>: \u201cN\u00e3o \u00e9 f\u00e1cil seguir Jesus \u2013 confidenciou \u2013 tudo parece remar contra uma vida entregue a Deus, desde a comunica\u00e7\u00e3o at\u00e9 a algumas pr\u00e1ticas educativas, aos valores que s\u00e3o difundidos. Come\u00e7amos a pensar que se n\u00e3o fazemos alguma experi\u00eancia \u2018de limite\u2019 a vida \u00e9 tediosa. Por isso senti que deveria dar mais a Deus, porque nada me bastava, nada me saciava\u201d. Para ela a vida num focolare \u00e9 como <strong>uma corrida na montanha russa<\/strong>: de tirar o f\u00f4lego, fascinante, \u00e0s vezes tortuosa, mas com o olhar fixo na meta, face a face com Deus. \u201cIsto \u00e9 o que mais quero\u201d.  <strong>Priscilla, de Genebra<\/strong> (Su\u00ed\u00e7a), tem 23 anos, estuda hist\u00f3ria e literatura francesa. Veio para entender se Deus realmente a chama, porque gostaria de dar tudo a Ele, com radicalismo, para viver uma aventura \u201cque para mim n\u00e3o tem compara\u00e7\u00f5es, viver para construir um mundo unido\u201d. E concluiu: \u201cEncontrei a confirma\u00e7\u00e3o que este \u00e9 o meu caminho. Quero viver como esposa de Deus desde j\u00e1\u201d.  <strong>Nuam <\/strong>veio de um vilarejo no <strong>Sudeste Asi\u00e1tico<\/strong>. Ficou fascinada pela vida simples e profund\u00edssima que viu vivida no focolare. Em 2005, durante um show do <a href=\"http:\/\/www.genrosso.com\/\" target=\"_blank\" rel=\"noopener\"><strong>Gen Rosso<\/strong><\/a>, \u201cjustamente aquelas can\u00e7\u00f5es, cantadas numa l\u00edngua que n\u00e3o conhecia, me transmitiram Deus, o Seu amor, e entendi que devia fazer algo para corresponder. Agora desejo dar tudo a Ele, para levar Jesus a todos, fazer a minha parte para que a humanidade seja cada vez mais uma \u00fanica fam\u00edlia. E o Ideal da unidade me ajuda a alargar o cora\u00e7\u00e3o sobre o mundo inteiro\u201d.  Retorna \u00e0 minha mente uma parte do coment\u00e1rio de Chiara Lubich na <a href=\"https:\/\/www.focolare.org\/pt\/chiara-lubich\/spiritualita-dellunita\/la-parola\/\" target=\"_blank\" rel=\"noopener\"><strong>Palavra de Vida<\/strong><\/a> do <a href=\"https:\/\/www.focolare.org\/pt\/news\/2011\/03\/01\/parola-di-vita-marzo-2011\/\" target=\"_blank\" rel=\"noopener\"><strong>m\u00eas de mar\u00e7o<\/strong><\/a>, que nos ajudava a fazer a Vontade de Deus. Chiara escreveu: \u201cDigamos isso antes de cada a\u00e7\u00e3o nossa: \u201cAconte\u00e7a\u201d, \u201cseja feita\u201d. Estaremos compondo, momento ap\u00f3s momento, pedrinha ap\u00f3s pedrinha, o mosaico maravilhoso, \u00fanico e irrepet\u00edvel, da nossa vida, que o Senhor desde sempre imaginou para cada um de n\u00f3s\u201d.  Neste momento, na sala ao lado, est\u00e3o cerca de 40 rapazes que tamb\u00e9m desejam dar tudo a Deus e tem coisas maravilhosas para contar. Esperem pelo artigo deles.  Agora devemos ir ao encontro dos grupos que v\u00e3o visitar a Mari\u00e1polis de <strong>Loppiano<\/strong>. Tudo de bom para estas maravilhosas criaturas!  <em>Sharry S. <\/em><\/p>\n","protected":false},"excerpt":{"rendered":"<p>De 14 a 18 de mar\u00e7o, cerca de 80 jovens do mundo inteiro estiveram em Loppiano, lidando com as escolhas decisivas.<\/p>\n","protected":false},"author":34,"featured_media":0,"comment_status":"open","ping_status":"open","sticky":false,"template":"","format":"standard","meta":{"give_campaign_id":0,"_seopress_robots_primary_cat":"","_seopress_titles_title":"","_seopress_titles_desc":"","_seopress_robots_index":"","_et_pb_use_builder":"","_et_pb_old_content":"","_et_gb_content_width":"","footnotes":""},"categories":[129],"tags":[],"class_list":["post-300790","post","type-post","status-publish","format-standard","hentry","category-sem-categoria"],"_links":{"self":[{"href":"https:\/\/www.focolare.org\/pt-pt\/wp-json\/wp\/v2\/posts\/300790","targetHints":{"allow":["GET"]}}],"collection":[{"href":"https:\/\/www.focolare.org\/pt-pt\/wp-json\/wp\/v2\/posts"}],"about":[{"href":"https:\/\/www.focolare.org\/pt-pt\/wp-json\/wp\/v2\/types\/post"}],"author":[{"embeddable":true,"href":"https:\/\/www.focolare.org\/pt-pt\/wp-json\/wp\/v2\/users\/34"}],"replies":[{"embeddable":true,"href":"https:\/\/www.focolare.org\/pt-pt\/wp-json\/wp\/v2\/comments?post=300790"}],"version-history":[{"count":0,"href":"https:\/\/www.focolare.org\/pt-pt\/wp-json\/wp\/v2\/posts\/300790\/revisions"}],"wp:attachment":[{"href":"https:\/\/www.focolare.org\/pt-pt\/wp-json\/wp\/v2\/media?parent=300790"}],"wp:term":[{"taxonomy":"category","embeddable":true,"href":"https:\/\/www.focolare.org\/pt-pt\/wp-json\/wp\/v2\/categories?post=300790"},{"taxonomy":"post_tag","embeddable":true,"href":"https:\/\/www.focolare.org\/pt-pt\/wp-json\/wp\/v2\/tags?post=300790"}],"curies":[{"name":"wp","href":"https:\/\/api.w.org\/{rel}","templated":true}]}}