{"id":300820,"date":"2011-04-12T12:54:14","date_gmt":"2011-04-12T10:54:14","guid":{"rendered":"https:\/\/www.focolare.org\/itincontro-interreligioso-a-chicagoeninterreligious-meeting-in-chicagodeinterreligiose-begegnung-in-chicagoesencuentro-interreligioso-en-chicagofrrencontre-interreligieuse-a-chicagozh\/"},"modified":"2024-05-13T21:13:20","modified_gmt":"2024-05-13T19:13:20","slug":"itincontro-interreligioso-a-chicagoeninterreligious-meeting-in-chicagodeinterreligiose-begegnung-in-chicagoesencuentro-interreligioso-en-chicagofrrencontre-interreligieuse-a-chicagozh","status":"publish","type":"post","link":"https:\/\/www.focolare.org\/pt-pt\/itincontro-interreligioso-a-chicagoeninterreligious-meeting-in-chicagodeinterreligiose-begegnung-in-chicagoesencuentro-interreligioso-en-chicagofrrencontre-interreligieuse-a-chicagozh\/","title":{"rendered":"[:it]Incontro interreligioso a Chicago[:en]Interreligious Meeting in Chicago[:de]Interreligi\u00f6se Begegnung in Chicago[:es]Encuentro interreligioso en Chicago[:fr]Rencontre interreligieuse \u00e0 Chicago[:zh]\u829d\u52a0\u54e5\u7684\u5404\u5927\u5b97\u6559\u805a\u6703"},"content":{"rendered":"<\/p>\n","protected":false},"excerpt":{"rendered":"<p>\u201cLa peur a \u00e9t\u00e9 d\u00e9pass\u00e9e. Maintenant nous devons continuer sur ce chemin\u201d. C\u2019est ainsi que Maria Voce s\u2019est adress\u00e9e aux 200 fid\u00e8les de diff\u00e9rentes religions r\u00e9unis \u00e0 la Synagogue Kehilath Anshe Maarav, le 10 avril dernier.<\/p>\n","protected":false},"author":34,"featured_media":0,"comment_status":"open","ping_status":"open","sticky":false,"template":"","format":"standard","meta":{"give_campaign_id":0,"_seopress_robots_primary_cat":"","_seopress_titles_title":"","_seopress_titles_desc":"","_seopress_robots_index":"","_et_pb_use_builder":"","_et_pb_old_content":"","_et_gb_content_width":"","footnotes":""},"categories":[909],"tags":[],"class_list":["post-300820","post","type-post","status-publish","format-standard","hentry","category-focolare-worldwide-2-4"],"_links":{"self":[{"href":"https:\/\/www.focolare.org\/pt-pt\/wp-json\/wp\/v2\/posts\/300820","targetHints":{"allow":["GET"]}}],"collection":[{"href":"https:\/\/www.focolare.org\/pt-pt\/wp-json\/wp\/v2\/posts"}],"about":[{"href":"https:\/\/www.focolare.org\/pt-pt\/wp-json\/wp\/v2\/types\/post"}],"author":[{"embeddable":true,"href":"https:\/\/www.focolare.org\/pt-pt\/wp-json\/wp\/v2\/users\/34"}],"replies":[{"embeddable":true,"href":"https:\/\/www.focolare.org\/pt-pt\/wp-json\/wp\/v2\/comments?post=300820"}],"version-history":[{"count":0,"href":"https:\/\/www.focolare.org\/pt-pt\/wp-json\/wp\/v2\/posts\/300820\/revisions"}],"wp:attachment":[{"href":"https:\/\/www.focolare.org\/pt-pt\/wp-json\/wp\/v2\/media?parent=300820"}],"wp:term":[{"taxonomy":"category","embeddable":true,"href":"https:\/\/www.focolare.org\/pt-pt\/wp-json\/wp\/v2\/categories?post=300820"},{"taxonomy":"post_tag","embeddable":true,"href":"https:\/\/www.focolare.org\/pt-pt\/wp-json\/wp\/v2\/tags?post=300820"}],"curies":[{"name":"wp","href":"https:\/\/api.w.org\/{rel}","templated":true}]}}