{"id":300868,"date":"2011-04-20T15:00:55","date_gmt":"2011-04-20T13:00:55","guid":{"rendered":"https:\/\/www.focolare.org\/itvideo-chiara-lubich-argentina-1998esvideo-chiara-lubich-argentina-1998zh1998%e5%b9%b44%e6%9c%889%e6%97%a5%e7%9b%a7%e5%98%89%e5%8b%92%e7%9a%84%e5%be%a9%e6%b4%bb%e7%af%80%e7%a5%9d\/"},"modified":"2024-05-13T21:13:26","modified_gmt":"2024-05-13T19:13:26","slug":"itvideo-chiara-lubich-argentina-1998esvideo-chiara-lubich-argentina-1998zh1998%e5%b9%b44%e6%9c%889%e6%97%a5%e7%9b%a7%e5%98%89%e5%8b%92%e7%9a%84%e5%be%a9%e6%b4%bb%e7%af%80%e7%a5%9d","status":"publish","type":"post","link":"https:\/\/www.focolare.org\/pt-pt\/itvideo-chiara-lubich-argentina-1998esvideo-chiara-lubich-argentina-1998zh1998%e5%b9%b44%e6%9c%889%e6%97%a5%e7%9b%a7%e5%98%89%e5%8b%92%e7%9a%84%e5%be%a9%e6%b4%bb%e7%af%80%e7%a5%9d\/","title":{"rendered":"[:it]Video: Chiara Lubich, Argentina 1998[:es]Video: Chiara Lubich, Argentina 1998[:zh]1998\u5e744\u67089\u65e5\u76e7\u5609\u52d2\u7684\u5fa9\u6d3b\u7bc0\u795d\u8cc0\u8a5e\u8207\u8996\u983b\uff08\u610f\u5927\u5229\u8a9e\uff09"},"content":{"rendered":"<\/p>\n","protected":false},"excerpt":{"rendered":"<p>Essa sauda\u00e7\u00e3o pascal de Chiara Lubich transmitida pela TV nacional argentina em abril de 1998, por ocasi\u00e3o da sua visita ao pa\u00eds sul-americano.<\/p>\n","protected":false},"author":33,"featured_media":0,"comment_status":"open","ping_status":"open","sticky":false,"template":"","format":"standard","meta":{"give_campaign_id":0,"_seopress_robots_primary_cat":"","_seopress_titles_title":"","_seopress_titles_desc":"","_seopress_robots_index":"","_et_pb_use_builder":"","_et_pb_old_content":"","_et_gb_content_width":"","footnotes":""},"categories":[129],"tags":[],"class_list":["post-300868","post","type-post","status-publish","format-standard","hentry","category-sem-categoria"],"_links":{"self":[{"href":"https:\/\/www.focolare.org\/pt-pt\/wp-json\/wp\/v2\/posts\/300868","targetHints":{"allow":["GET"]}}],"collection":[{"href":"https:\/\/www.focolare.org\/pt-pt\/wp-json\/wp\/v2\/posts"}],"about":[{"href":"https:\/\/www.focolare.org\/pt-pt\/wp-json\/wp\/v2\/types\/post"}],"author":[{"embeddable":true,"href":"https:\/\/www.focolare.org\/pt-pt\/wp-json\/wp\/v2\/users\/33"}],"replies":[{"embeddable":true,"href":"https:\/\/www.focolare.org\/pt-pt\/wp-json\/wp\/v2\/comments?post=300868"}],"version-history":[{"count":0,"href":"https:\/\/www.focolare.org\/pt-pt\/wp-json\/wp\/v2\/posts\/300868\/revisions"}],"wp:attachment":[{"href":"https:\/\/www.focolare.org\/pt-pt\/wp-json\/wp\/v2\/media?parent=300868"}],"wp:term":[{"taxonomy":"category","embeddable":true,"href":"https:\/\/www.focolare.org\/pt-pt\/wp-json\/wp\/v2\/categories?post=300868"},{"taxonomy":"post_tag","embeddable":true,"href":"https:\/\/www.focolare.org\/pt-pt\/wp-json\/wp\/v2\/tags?post=300868"}],"curies":[{"name":"wp","href":"https:\/\/api.w.org\/{rel}","templated":true}]}}