{"id":300902,"date":"2011-04-30T20:54:32","date_gmt":"2011-04-30T18:54:32","guid":{"rendered":"https:\/\/www.focolare.org\/meeting-jovens-por-um-mundo-unido-uma-nova-largada\/"},"modified":"2024-05-13T21:13:31","modified_gmt":"2024-05-13T19:13:31","slug":"meeting-jovens-por-um-mundo-unido-uma-nova-largada","status":"publish","type":"post","link":"https:\/\/www.focolare.org\/pt-pt\/meeting-jovens-por-um-mundo-unido-uma-nova-largada\/","title":{"rendered":"Meeting Jovens por um Mundo Unido: uma nova largada!"},"content":{"rendered":"<\/p>\n<p><strong><img alt=\"\" alt=\"\" loading=\"lazy\" decoding=\"async\" class=\"alignright size-200x200 wp-image-34827\" style=\"border: 0pt none;margin: 5px\" src=\"https:\/\/www.focolare.org\/wp-content\/uploads\/2011\/04\/20110502-01-200x128.jpg\" alt=\"\" width=\"200\" height=\"128\" \/>\u00abS\u00f3 os que s\u00e3o loucos o suficiente para pensar que podem mudar o mundo realmente o mudam!\u00bb<\/strong>. A impress\u00e3o final de um dos 500 Jovens por um Mundo Unido presentes no meeting 2011 \u00e9 clara: os JMU n\u00e3o acreditam em utopias mas sim em um Ideal pelo qual vale a pena dar a pr\u00f3pria vida! Uma alegria geral e explosiva.<\/p>\n<p><strong>\u00ab\u00c9 preciso ter um cora\u00e7\u00e3o grande para acreditar num ideal assim<\/strong>, e voc\u00eas me fizeram acreditar\u00bb. \u00abBasta olharmos uns para os outros, s\u00f3 vemos gente realmente feliz!\u00bb. \u00abN\u00e3o vejo a hora de expandir esta luz ao mundo inteiro, volto para casa somente para fazer isso\u00bb. Estes s\u00e3o s\u00f3 alguns dos depoimentos conclusivos.<\/p>\n<p>A \u00faltima manh\u00e3 do programa, antes que festa continuasse em Roma, com a vig\u00edlia no Circo M\u00e1ximo e a cerim\u00f4nia de domingo, em S\u00e3o Pedro para a <a href=\"http:\/\/www.giovannipaoloii.va\/pt\/\" target=\"_blank\" rel=\"noopener\">beatifica\u00e7\u00e3o de Jo\u00e3o Paulo II<\/a>, foi a ocasi\u00e3o para provar daquilo que \u00e9 natural dos JMU, isto \u00e9, <strong>voltar o olhar ao mundo inteiro<\/strong>.<\/p>\n<p><strong>Piero Coda, reitor do <a href=\"http:\/\/www.iu-sophia.org\/default.asp?s=232\" target=\"_blank\" rel=\"noopener\">Instituto Universit\u00e1rio Sophia<\/a><\/strong> (Loppiano, Floren\u00e7a) com dois de seus estudantes, conduziu uma reflex\u00e3o sobre a import\u00e2ncia do di\u00e1logo em cada situa\u00e7\u00e3o, especialmente hoje, quando as civiliza\u00e7\u00f5es \u2013 ap\u00f3s terem se desenvolvido durante s\u00e9culos individualmente \u2013 s\u00e3o chamadas, dentro da hist\u00f3ria, a um constante confronto, ao interc\u00e2mbio e \u00e0 interdepend\u00eancia. Emblem\u00e1ticas algumas de suas palavras: \u00abA hist\u00f3ria \u00e9 feita de algumas <strong>figuras prof\u00e9ticas<\/strong>, que sabem iluminar o agir humano sempre rumo a horizontes novos, mas \u00e9 igualmente fundamental que existam muitos <strong>construtores de pontes, como voc\u00eas podem ser<\/strong>, tamb\u00e9m cotidianamente, que ensinem com a pr\u00f3pria vida a arte do di\u00e1logo\u00bb.<\/p>\n<p>Esteve presente tamb\u00e9m uma delega\u00e7\u00e3o de jovens do <a href=\"http:\/\/rk-world.org\/\" target=\"_blank\" rel=\"noopener\">movimento budista japon\u00eas Rissho Kosei-kai<\/a> que apresentaram a sua associa\u00e7\u00e3o \u2013 que mant\u00e9m h\u00e1 anos uma amizade estreita com o Movimento dos Focolares \u2013 com o projeto <a href=\"http:\/\/www.armsdown.org\/\" target=\"_blank\" rel=\"noopener\">\u201cArms Down\u201d<\/a> e as atividades realizadas em prol do desarmamento nuclear e, recentemente, das v\u00edtimas do terr\u00edvel terremoto que atingiu o Jap\u00e3o dia 11 de mar\u00e7o passado.<\/p>\n<p>Deram um testemunho l\u00edmpido de como \u201cconstruir pontes\u201d entre movimentos, culturas e experi\u00eancias diferentes produza frutos inesperados.<\/p>\n<p>No final do meeting os jovens da Risso Kosei-kai afirmaram: \u00ab Deste encontro com os JMU levamos conosco sobretudo uma coisa: a certeza que cada um de n\u00f3s \u00e9 diferente do outro, mas ao mesmo tempo que <strong>\u00e9 maravilhoso brincar com essas diferen\u00e7as at\u00e9 chegar \u00e0 unidade entre todos!\u00bb.<\/strong><\/p>\n<p><strong>At\u00e9 o dia 8 de maio acompanhe a Semana Mundo Unido em: <\/strong><strong><a href=\"http:\/\/www.mondounito.net\/\">www.mondounito.net<\/a><\/strong><\/p><\/p>\n","protected":false},"excerpt":{"rendered":"<p>Tr\u00eas dias de meeting JMU e depois todos na grande festa mundial, em Roma, para a beatifica\u00e7\u00e3o de Jo\u00e3o Paulo II.<\/p>\n","protected":false},"author":34,"featured_media":0,"comment_status":"open","ping_status":"open","sticky":false,"template":"","format":"standard","meta":{"give_campaign_id":0,"_seopress_robots_primary_cat":"","_seopress_titles_title":"","_seopress_titles_desc":"","_seopress_robots_index":"","_et_pb_use_builder":"","_et_pb_old_content":"","_et_gb_content_width":"","footnotes":""},"categories":[129],"tags":[],"class_list":["post-300902","post","type-post","status-publish","format-standard","hentry","category-sem-categoria"],"_links":{"self":[{"href":"https:\/\/www.focolare.org\/pt-pt\/wp-json\/wp\/v2\/posts\/300902","targetHints":{"allow":["GET"]}}],"collection":[{"href":"https:\/\/www.focolare.org\/pt-pt\/wp-json\/wp\/v2\/posts"}],"about":[{"href":"https:\/\/www.focolare.org\/pt-pt\/wp-json\/wp\/v2\/types\/post"}],"author":[{"embeddable":true,"href":"https:\/\/www.focolare.org\/pt-pt\/wp-json\/wp\/v2\/users\/34"}],"replies":[{"embeddable":true,"href":"https:\/\/www.focolare.org\/pt-pt\/wp-json\/wp\/v2\/comments?post=300902"}],"version-history":[{"count":0,"href":"https:\/\/www.focolare.org\/pt-pt\/wp-json\/wp\/v2\/posts\/300902\/revisions"}],"wp:attachment":[{"href":"https:\/\/www.focolare.org\/pt-pt\/wp-json\/wp\/v2\/media?parent=300902"}],"wp:term":[{"taxonomy":"category","embeddable":true,"href":"https:\/\/www.focolare.org\/pt-pt\/wp-json\/wp\/v2\/categories?post=300902"},{"taxonomy":"post_tag","embeddable":true,"href":"https:\/\/www.focolare.org\/pt-pt\/wp-json\/wp\/v2\/tags?post=300902"}],"curies":[{"name":"wp","href":"https:\/\/api.w.org\/{rel}","templated":true}]}}