{"id":300948,"date":"2011-05-05T07:07:37","date_gmt":"2011-05-05T05:07:37","guid":{"rendered":"https:\/\/www.focolare.org\/o-cardeal-wojtyla-e-os-focolares-na-polonia\/"},"modified":"2024-05-13T21:13:36","modified_gmt":"2024-05-13T19:13:36","slug":"o-cardeal-wojtyla-e-os-focolares-na-polonia","status":"publish","type":"post","link":"https:\/\/www.focolare.org\/pt-pt\/o-cardeal-wojtyla-e-os-focolares-na-polonia\/","title":{"rendered":"O cardeal Wojtyla e os Focolares na Pol\u00f4nia"},"content":{"rendered":"<p><p><strong><img alt=\"\" alt=\"\" loading=\"lazy\" decoding=\"async\" class=\"size-radici_max wp-image-35077 alignright\" style=\"margin-left: 10px\" src=\"https:\/\/www.focolare.org\/wp-content\/uploads\/2011\/05\/20110505-01-178x233.jpg\" alt=\"\" width=\"178\" height=\"233\" \/>\u00abLembro do primeiro encontro, nos anos setenta, com o ent\u00e3o cardeal Wojtyla, quando fomos nos apresentar<\/strong>. O Movimento dos Focolares estava iniciando na Pol\u00f4nia. Tocou-me a sua humanidade, a capacidade de escuta, o respeito para com todos, que nos deixou logo \u00e0 vontade. Ele nos escutou com grande interesse, num sil\u00eancio profundo. Pod\u00edamos intuir que estava impressionado pela grandeza do <a href=\"https:\/\/www.focolare.org\/pt\/chiara-lubich\/spiritualita-dellunita\/\" target=\"_blank\" rel=\"noopener\"><strong>carisma<\/strong><\/a> que est\u00e1 na base do Movimento. <strong>Encorajou-nos a prosseguir<\/strong>: <em>\u201cS\u00e3o voc\u00eas que tem a gra\u00e7a para levar o Movimento adiante, o carisma foi transmitido a voc\u00eas. N\u00e3o vou colocar um sacerdote ao lado de voc\u00eas, n\u00f3s poder\u00edamos estragar tudo. <strong>Fa\u00e7am, vivam e depois venham me contar..<\/strong>.\u201d<\/em>.<\/p>\n<p>Para entender o significado dessas suas palavras, que exprimiam a confian\u00e7a no carisma de Chiara Lubich, \u00e9 preciso pensar que naquele tempo, na Pol\u00f4nia, tudo era guiado pela Igreja constitucional, havia sempre um sacerdote na dire\u00e7\u00e3o de cada grupo. E esta confian\u00e7a jamais diminuiu. Ele sempre nos acompanhou com estima, respeito e amor.<\/p>\n<p><strong>Recordo vivamente o \u00faltimo encontro com ele, em setembro de 1978, pouco antes que fosse eleito Papa.<\/strong> Veio nos encontrar \u00e0 noite, j\u00e1 tarde. T\u00ednhamos um encontro com algumas fam\u00edlias, num convento de irm\u00e3s. Eram os tempos do regime comunista e o Movimento precisava se movimentar com prud\u00eancia, na clandestinidade. O cardeal estava visivelmente cansado, mas queria estar entre n\u00f3s. Ficou tocado com a atmosfera, com as experi\u00eancias que os casais lhe contaram, tanto que, num certo momento, entre outras coisas ele disse:<em><strong> \u201cVoc\u00eas deram a centralidade ao homem com a sua dignidade. O carisma de voc\u00eas est\u00e1 profundamente enraizado no Evangelho. Aqui percebe-se que o Esp\u00edrito Santo age&#8230;\u201d.<\/strong><\/em><\/p>\n<p><strong><img alt=\"\" alt=\"\" loading=\"lazy\" decoding=\"async\" class=\"alignleft size-large wp-image-35079\" style=\"margin-right: 10px;border: 0pt none\" src=\"https:\/\/www.focolare.org\/wp-content\/uploads\/2011\/05\/20110505-06-210x166.jpg\" alt=\"\" width=\"210\" height=\"166\" \/>Quando estava ainda em Crac\u00f3via, Karol Wojtyla conhecia Chiara Lubich<\/strong> apenas por meio de seus escritos. Quis encontr\u00e1-la logo ap\u00f3s a sua elei\u00e7\u00e3o. Naqueles dias eu estava na It\u00e1lia e recebi um telefonema, era o secret\u00e1rio do Papa, Stanislao Dziwisc, que eu conhecia muito bem. Disse-me que o Santo Padre nos convidava, Chiara e eu, para a sua Missa, no dia seguinte \u00e0s 7 horas. Naquela manh\u00e3 sa\u00edmos bem cedo, Chiara, Eli Folonari e eu, emocionadas. Pode-se entender. Quando chegamos, na pra\u00e7a havia ainda todas as estruturas para o conclave e tivemos que fazer um grande trajeto para chegar ao apartamento do Papa. Trago ainda no cora\u00e7\u00e3o aquela Missa, na pequena capela privativa do Papa. Havia recolhimento, uma atmosfera especial, a presen\u00e7a de Deus. Est\u00e1vamos n\u00f3s tr\u00eas, o Papa e padre Stanislao, e duas ou tr\u00eas religiosas polacas.<\/p>\n<p><strong><img alt=\"\" alt=\"\" loading=\"lazy\" decoding=\"async\" class=\"size-large wp-image-35078 alignright\" style=\"margin-left: 10px;border: 0pt none\" src=\"https:\/\/www.focolare.org\/wp-content\/uploads\/2011\/05\/20110505-05-210x119.jpg\" alt=\"\" width=\"210\" height=\"119\" \/>Ap\u00f3s a Missa o S. Padre cumprimentou Chiara. Lembro ainda com quanto respeito, com quanta estima e amor se dirigia a ela<\/strong>. Pediu-lhe que lhe enviasse um mapa no qual estivessem assinalados todos os lugares onde n\u00f3s estamos. \u201c<em>Assim<\/em> \u2013 ele disse \u2013 <em>sei onde me apoiar!<\/em>\u201d.<\/p>\n<p>Foi<strong> o in\u00edcio de uma amizade<\/strong>, de uma unidade cada vez mais forte entre duas pessoas chamadas por Deus a fazer obras grandes, duas pessoas a quem Deus concedeu duas d\u00e1divas, para a Igreja e para a humanidade inteira\u00bb.<\/p>\n<p><em>De Anna Fratta<\/em><\/p><\/p>\n","protected":false},"excerpt":{"rendered":"<p>As recorda\u00e7\u00f5es de Anna Fratta, uma das primeiras focolarinas a atravessar as fronteiras da Europa oriental: \u201cSempre nos acompanhou com estima, afeto, amor e uma grande confian\u00e7a\u201d.<\/p>\n","protected":false},"author":34,"featured_media":0,"comment_status":"open","ping_status":"open","sticky":false,"template":"","format":"standard","meta":{"give_campaign_id":0,"_seopress_robots_primary_cat":"","_seopress_titles_title":"","_seopress_titles_desc":"","_seopress_robots_index":"","_et_pb_use_builder":"","_et_pb_old_content":"","_et_gb_content_width":"","footnotes":""},"categories":[909],"tags":[],"class_list":["post-300948","post","type-post","status-publish","format-standard","hentry","category-focolare-worldwide-2-4"],"_links":{"self":[{"href":"https:\/\/www.focolare.org\/pt-pt\/wp-json\/wp\/v2\/posts\/300948","targetHints":{"allow":["GET"]}}],"collection":[{"href":"https:\/\/www.focolare.org\/pt-pt\/wp-json\/wp\/v2\/posts"}],"about":[{"href":"https:\/\/www.focolare.org\/pt-pt\/wp-json\/wp\/v2\/types\/post"}],"author":[{"embeddable":true,"href":"https:\/\/www.focolare.org\/pt-pt\/wp-json\/wp\/v2\/users\/34"}],"replies":[{"embeddable":true,"href":"https:\/\/www.focolare.org\/pt-pt\/wp-json\/wp\/v2\/comments?post=300948"}],"version-history":[{"count":0,"href":"https:\/\/www.focolare.org\/pt-pt\/wp-json\/wp\/v2\/posts\/300948\/revisions"}],"wp:attachment":[{"href":"https:\/\/www.focolare.org\/pt-pt\/wp-json\/wp\/v2\/media?parent=300948"}],"wp:term":[{"taxonomy":"category","embeddable":true,"href":"https:\/\/www.focolare.org\/pt-pt\/wp-json\/wp\/v2\/categories?post=300948"},{"taxonomy":"post_tag","embeddable":true,"href":"https:\/\/www.focolare.org\/pt-pt\/wp-json\/wp\/v2\/tags?post=300948"}],"curies":[{"name":"wp","href":"https:\/\/api.w.org\/{rel}","templated":true}]}}