{"id":300994,"date":"2011-05-24T04:01:51","date_gmt":"2011-05-24T02:01:51","guid":{"rendered":"https:\/\/www.focolare.org\/50-anos-pela-unidade-dos-cristaos\/"},"modified":"2024-05-13T21:13:42","modified_gmt":"2024-05-13T19:13:42","slug":"50-anos-pela-unidade-dos-cristaos","status":"publish","type":"post","link":"https:\/\/www.focolare.org\/pt-pt\/50-anos-pela-unidade-dos-cristaos\/","title":{"rendered":"50 anos pela unidade dos crist\u00e3os"},"content":{"rendered":"<p><div id=\"attachment_37365\" style=\"width: 210px\" class=\"wp-caption alignright\"><strong><strong><a href=\"https:\/\/www.focolare.org\/wp-content\/uploads\/2011\/05\/20110524-01.jpg\"><img alt=\"\" alt=\"\" loading=\"lazy\" decoding=\"async\" aria-describedby=\"caption-attachment-37365\" class=\"size-200x200 wp-image-37365     \" style=\"margin: 10px;border: 0pt none\" src=\"https:\/\/www.focolare.org\/wp-content\/uploads\/2011\/05\/20110524-01-200x200.jpg\" alt=\"\" width=\"200\" height=\"200\" \/><\/a><\/strong><\/strong><p id=\"caption-attachment-37365\" class=\"wp-caption-text\">Grottaferrata. Padre Foresi, Igino Giordani, o can\u00f4nico anglicano Bernard Pawley, a senhora Margaret Pawley, Chiara Lubich, Eli Folonari (1962).<\/p><\/div>  <strong>No dia 14 de janeiro Chiara encontrou-se com um grupo de luteranos, na Alemanha<\/strong>, e aquele encontro fez com que entendesse que a espiritualidade da unidade, fundamentada no Evangelho vivido, n\u00e3o era apenas para os cat\u00f3licos, mas para toda a cristandade. No m\u00eas de maio, em Roma, Chiara esteve com o<strong> can\u00f4nico anglicano Bernard Pawley<\/strong>, que depois foi convidado como observador no Conc\u00edlio Vaticano II. E no dia 24 de maio ela escreveu em seu di\u00e1rio: <em>\u00abA vontade de Deus \u00e9 o amor m\u00fatuo. Portanto, para suturar esta ruptura \u00e9 necess\u00e1rio amar-se\u00bb<\/em>.  <strong>S\u00e3o estes os pr\u00f3dromos que levaram Chiara a fundar o \u201cCentro Uno&#8221; para a unidade dos crist\u00e3os<\/strong>. Confiou a sua dire\u00e7\u00e3o a Igino Giordani, pioneiro do ecumenismo desde os anos 1920.  O ano de 1961 foi repleto de intui\u00e7\u00f5es, o in\u00edcio de um di\u00e1logo promissor, baseado no Evangelho vivido.  Com o passar dos anos a espiritualidade da unidade suscitou o interesse de<strong> anglicanos na Gr\u00e3 Bretanha, reformados na Su\u00ed\u00e7a, Holanda e Hungria<\/strong>. Foi acolhida por crist\u00e3os de v\u00e1rias Igrejas na Europa, pelas Igrejas Orientais no Oriente M\u00e9dio e, sucessivamente, nos outros continentes. <strong>O Patriarca Aten\u00e1goras<\/strong> interessou-se pela espiritualidade da unidade e convidou Chiara a ir a Istambul, em 1967, encorajando a sua difus\u00e3o nas Igrejas ortodoxas.  <div id=\"attachment_37368\" style=\"width: 210px\" class=\"wp-caption alignleft\"><a href=\"https:\/\/www.focolare.org\/wp-content\/uploads\/2011\/05\/20110524-02.jpg\"><img alt=\"\" alt=\"\" loading=\"lazy\" decoding=\"async\" aria-describedby=\"caption-attachment-37368\" class=\"size-200x200 wp-image-37368   \" style=\"border: 0pt none;margin: 5px\" src=\"https:\/\/www.focolare.org\/wp-content\/uploads\/2011\/05\/20110524-02-200x200.jpg\" alt=\"\" width=\"200\" height=\"200\" \/><\/a><p id=\"caption-attachment-37368\" class=\"wp-caption-text\">Chiara Lubich, Gabri Fallacara, Frei Roger Schutz (1978).<\/p><\/div>  Depois de quase 30 anos do trabalho ecum\u00eanico do Movimento, <strong>em 1996 houve uma outra etapa hist\u00f3rica, em Londres<\/strong>. Reunindo-se com cerca mil anglicanos, cat\u00f3licos, metodistas e batistas que viviam a espiritualidade da unidade, Chiara constatou que estava se delineando uma maneira espec\u00edfica de atuar o ecumenismo do Movimento, o \u201cdi\u00e1logo da vida\u201d, \u201cdi\u00e1logo do povo\u201d, que n\u00e3o se contrap\u00f5e aos outros tipos de di\u00e1logo, mas os sustenta. Atualmente existem crist\u00e3os de mais de 350 Igrejas, nos cinco continentes, que vivem este di\u00e1logo e testemunham que \u00e9 poss\u00edvel viver em unidade, com Cristo entre n\u00f3s.  <strong>O 50\u00ba anivers\u00e1rio do Centro Uno <\/strong>foi recordado em Trento, no Teatro Social, dia 12 de mar\u00e7o passado, com uma Jornada Ecum\u00eanica internacional intitulada \u201cChiara Lubich: um carisma, uma vida pela unidade dos crist\u00e3os\u201d, inserida na \u201cSemana Ecum\u00eanica\u201d comemorativa, de 11 a 16 de mar\u00e7o, em Cadine (Trento). Com a apresenta\u00e7\u00e3o, inclusive, de testemunhas dos primeiros anos, foram contemplados os frutos desses 50 anos de empenho ecum\u00eanico, de Chiara e do Movimento.  <div id=\"attachment_37369\" style=\"width: 210px\" class=\"wp-caption alignright\"><a href=\"https:\/\/www.focolare.org\/wp-content\/uploads\/2011\/05\/20110524-03.jpg\"><img alt=\"\" alt=\"\" loading=\"lazy\" decoding=\"async\" aria-describedby=\"caption-attachment-37369\" class=\"size-200x200 wp-image-37369 \" style=\"margin: 5px;border: 0pt none\" src=\"https:\/\/www.focolare.org\/wp-content\/uploads\/2011\/05\/20110524-03-200x200.jpg\" alt=\"\" width=\"200\" height=\"200\" \/><\/a><p id=\"caption-attachment-37369\" class=\"wp-caption-text\">Istanbul. O grupo da 18\u00aa escola de ecumenismo promovida pelo Centro \u201cUno\u201d, sobre a Igreja ortodoxa, \u00e9 recebido no Fanar pelo Patriarca Bartolomeo I (2010).<\/p><\/div>  Em sua mensagem, o <strong>cardeal Koch<\/strong> afirmou, entre outras coisas: <em>\u201cO testemunho e o servi\u00e7o prestado por Chiara Lubich \u00e0 promo\u00e7\u00e3o da unidade dos crist\u00e3os s\u00e3o d\u00e1divas preciosas e inestim\u00e1veis\u201d<\/em>, porque <em>\u201ctra\u00e7ou rastros de luz e tocou, em profundidade, o caminho de vida de muitos crist\u00e3os, de diversas gera\u00e7\u00f5es e pertencentes a muitas tradi\u00e7\u00f5es eclesiais\u201d<\/em>. E o Patriarca ecum\u00eanico de Constantinopla, Bartolomeu I, convidava os focolares espalhados no mundo <em>\u201ca alimentar em toda parte o \u2018di\u00e1logo da vida\u2019 no povo crist\u00e3o, fermento no movimento ecum\u00eanico\u201d<\/em>, com a consci\u00eancia de que <em>\u201csomente a intensa espiritualidade pode acelerar o caminho rumo \u00e0 plena comunh\u00e3o vis\u00edvel, mediante o acolhimento dos progressos feitos pelos di\u00e1logos oficiais por parte de um povo ecumenicamente preparado\u201d<\/em>.  Chegou ainda uma mensagem do <strong>rev. Olav Fykse Tveit, Secret\u00e1rio Geral do Conselho Ecum\u00eanico das Igrejas<\/strong>, no qual referindo-se a Chiara Lubich, afirma: <em>\u201cA recordamos como dom primoroso do amor de Deus, que inspira muitos de n\u00f3s com o seu carisma e a sua espiritualidade da unidade\u201d<\/em>. Relembra ainda a sua primeira visita, em 1967, que lan\u00e7ou <em>\u201cos alicerces para d\u00e9cadas de estreita colabora\u00e7\u00e3o, da qual, em muitos modos, a fraternidade das Igrejas membros do Conselho das Igrejas, beneficiou-se\u201d<\/em>.  O Centro Uno acompanha o trabalho ecum\u00eanico do Movimento dos Focolares no mundo, atrav\u00e9s de uma rede de pessoas encarregadas e promove \u201csemanas ecum\u00eanicas\u201d e cursos de forma\u00e7\u00e3o.  Sede atual do Centro Uno  Via della Pedica 44 A  00046 Grottaferrata (Roma)  centrouno@focolare.org<\/p>\n","protected":false},"excerpt":{"rendered":"<p>1961-2011. O Centro Uno completa 50 anos. Era o ano de 1961 quando Chiara Lubich fundou a Secretaria Internacional para o di\u00e1logo ecum\u00eanico do Movimento dos Focolares, confiando a sua dire\u00e7\u00e3o a Igino Giordani.<\/p>\n","protected":false},"author":27,"featured_media":0,"comment_status":"open","ping_status":"open","sticky":false,"template":"","format":"standard","meta":{"give_campaign_id":0,"_seopress_robots_primary_cat":"","_seopress_titles_title":"","_seopress_titles_desc":"","_seopress_robots_index":"","_et_pb_use_builder":"","_et_pb_old_content":"","_et_gb_content_width":"","footnotes":""},"categories":[129],"tags":[],"class_list":["post-300994","post","type-post","status-publish","format-standard","hentry","category-sem-categoria"],"_links":{"self":[{"href":"https:\/\/www.focolare.org\/pt-pt\/wp-json\/wp\/v2\/posts\/300994","targetHints":{"allow":["GET"]}}],"collection":[{"href":"https:\/\/www.focolare.org\/pt-pt\/wp-json\/wp\/v2\/posts"}],"about":[{"href":"https:\/\/www.focolare.org\/pt-pt\/wp-json\/wp\/v2\/types\/post"}],"author":[{"embeddable":true,"href":"https:\/\/www.focolare.org\/pt-pt\/wp-json\/wp\/v2\/users\/27"}],"replies":[{"embeddable":true,"href":"https:\/\/www.focolare.org\/pt-pt\/wp-json\/wp\/v2\/comments?post=300994"}],"version-history":[{"count":0,"href":"https:\/\/www.focolare.org\/pt-pt\/wp-json\/wp\/v2\/posts\/300994\/revisions"}],"wp:attachment":[{"href":"https:\/\/www.focolare.org\/pt-pt\/wp-json\/wp\/v2\/media?parent=300994"}],"wp:term":[{"taxonomy":"category","embeddable":true,"href":"https:\/\/www.focolare.org\/pt-pt\/wp-json\/wp\/v2\/categories?post=300994"},{"taxonomy":"post_tag","embeddable":true,"href":"https:\/\/www.focolare.org\/pt-pt\/wp-json\/wp\/v2\/tags?post=300994"}],"curies":[{"name":"wp","href":"https:\/\/api.w.org\/{rel}","templated":true}]}}