{"id":300996,"date":"2011-05-25T01:55:08","date_gmt":"2011-05-24T23:55:08","guid":{"rendered":"https:\/\/www.focolare.org\/hungria-combinacao-de-cordialidade-e-nobreza\/"},"modified":"2024-05-13T21:13:42","modified_gmt":"2024-05-13T19:13:42","slug":"hungria-combinacao-de-cordialidade-e-nobreza","status":"publish","type":"post","link":"https:\/\/www.focolare.org\/pt-pt\/hungria-combinacao-de-cordialidade-e-nobreza\/","title":{"rendered":"Hungria, combina\u00e7\u00e3o de cordialidade e nobreza"},"content":{"rendered":"<p><div id=\"attachment_37480\" style=\"width: 279px\" class=\"wp-caption alignleft\"><a href=\"https:\/\/www.focolare.org\/wp-content\/uploads\/2011\/05\/20110525-01.jpg\"><img alt=\"\" alt=\"\" loading=\"lazy\" decoding=\"async\" aria-describedby=\"caption-attachment-37480\" class=\"size-full wp-image-37480\" style=\"margin-right: 10px;border: 0pt\" src=\"https:\/\/www.focolare.org\/wp-content\/uploads\/2011\/05\/20110525-01.jpg\" alt=\"\" width=\"269\" height=\"187\" \/><\/a><p id=\"caption-attachment-37480\" class=\"wp-caption-text\">Tanino com os primeiros focolarinos h\u00fangaros<\/p><\/div>  <strong>Tanino Minuta<\/strong>, italiano, professor de hist\u00f3ria da l\u00edngua italiana, viveu muitos anos na Hungria, onde assumiu a c\u00e1tedra de l\u00edngua e literatura italiana na Universidade Janus Pannonius, de P\u00e9cs. Pedimos que ele nos narrasse suas recorda\u00e7\u00f5es de quando foi aberto o focolare no pa\u00eds magiar.  <em><strong>Qual o primeiro impacto com aquele mundo, t\u00e3o diferente do seu?<\/strong><\/em>  Cheguei \u00e0 Hungria em outubro de 1980 e fiquei por 16 anos. Fui enviado para dar in\u00edcio ao focolare masculino em Budapeste. N\u00e3o era f\u00e1cil entrar no pa\u00eds, que ent\u00e3o vivia sob o regime comunista. O Minist\u00e9rio das Rela\u00e7\u00f5es Exteriores havia me concedido uma bolsa de estudos para pesquisas sobre literatura para a inf\u00e2ncia. No in\u00edcio a minha vida se desenrolava prevalentemente na capital. As fachadas dos pr\u00e9dios traziam ainda os sinais da revolu\u00e7\u00e3o de 1956, por\u00e9m, mais do que nas casas, as feridas tinham ficado no cora\u00e7\u00e3o do povo: desilus\u00e3o amarga, humilha\u00e7\u00e3o profunda e, o que era assustador, suspeita diante de tudo e todos.  <em><strong>Para voc\u00ea, o que significou esta experi\u00eancia?<\/strong><\/em>  <div id=\"attachment_37481\" style=\"width: 236px\" class=\"wp-caption alignright\"><a href=\"https:\/\/www.focolare.org\/wp-content\/uploads\/2011\/05\/20110525-02.jpg\"><img alt=\"\" alt=\"\" loading=\"lazy\" decoding=\"async\" aria-describedby=\"caption-attachment-37481\" class=\"size-full wp-image-37481 \" style=\"margin-left: 10px;border: 0pt\" src=\"https:\/\/www.focolare.org\/wp-content\/uploads\/2011\/05\/20110525-02.jpg\" alt=\"\" width=\"226\" height=\"157\" \/><\/a><p id=\"caption-attachment-37481\" class=\"wp-caption-text\">Grazia Passa, a primeira focolarina enviada \u00e0 Hungria<\/p><\/div>  Um grande dom de Deus. Quando cheguei \u00e0 Hungria, enfraquecido pelas fortes mudan\u00e7as de ritmo na vida social, separado dos relacionamentos constru\u00eddos at\u00e9 ent\u00e3o, encontrei-me nas melhores condi\u00e7\u00f5es de perceber a din\u00e2mica interna que gera uma comunidade, e entendi melhor a did\u00e1tica, os objetivos do Movimento dos Focolares, que tem a miss\u00e3o de agir na raiz dos relacionamentos, criar as condi\u00e7\u00f5es para que estes existam, cres\u00e7am e sejam construtivos e constitutivos da sociedade. Restabelecer a unidade. Eu vi uma revolu\u00e7\u00e3o no seu \u201cstatu nascendi\u201d. Foi uma experi\u00eancia do Esp\u00edrito que, como afirma David Maria Turoldo, \u201c\u00e9 o vento que n\u00e3o deixa a poeira dormir\u201d.  Justamente quando estava para viajar para a Hungria, Chiara Lubich enviou-me um presente \u201cpara o focolare de Budapeste\u201d. Quem me entregou transmitiu tamb\u00e9m os votos: \u201cvoc\u00ea ver\u00e1 milagres!\u201d. Sim, eu vi milagres! Vi \u201co esp\u00edrito soprar sobre a poeira\u201d e \u201co imposs\u00edvel tornar-se poss\u00edvel\u201d.  <div id=\"attachment_37479\" style=\"width: 279px\" class=\"wp-caption alignleft\"><a href=\"https:\/\/www.focolare.org\/wp-content\/uploads\/2011\/05\/20110525-03.jpg\"><img alt=\"\" alt=\"\" loading=\"lazy\" decoding=\"async\" aria-describedby=\"caption-attachment-37479\" class=\"size-full wp-image-37479 \" style=\"margin-right: 10px;border: 0pt none\" src=\"https:\/\/www.focolare.org\/wp-content\/uploads\/2011\/05\/20110525-03.jpg\" alt=\"\" width=\"269\" height=\"176\" \/><\/a><p id=\"caption-attachment-37479\" class=\"wp-caption-text\">Uma das primeiras Mari\u00e1polis, no final dos anos 1970<\/p><\/div>  <em><strong>O imposs\u00edvel tornar-se poss\u00edvel?<\/strong><\/em>  Vi que aquele pequeno primeiro grupo que vivia a espiritualidade do Movimento, constitu\u00eddo por fam\u00edlias, sacerdotes, algumas mo\u00e7as e rapazes, crian\u00e7as&#8230; era, de fato, uma comunidade ordenada pela caridade, exatamente como Chiara diz, que \u201cn\u00e3o existe nada mais organizado do que aquilo que o amor ordena e nada mais livre do que aquilo que o amor une\u201d.  <strong><em>Atualmente o Movimento dos Focolares est\u00e1 difundido e \u00e9 muito estimado na Hungria. Qual os seus votos para esta visita de Maria Voce?<\/em><\/strong>  Com a rara combina\u00e7\u00e3o de cordialidade imediata e de nobreza refinada que o distingue, o povo h\u00fangaro n\u00e3o se deixou seduzir por ideologias e modas n\u00e3o dignas do homem. Creio que saber\u00e1 acolher a d\u00e1diva dessa visita e ser um dom, n\u00e3o apenas para a presidente Maria Voce, mas para todo o Movimento.  O fato que o pa\u00eds tenha sido consagrado a Maria, com o ato de doa\u00e7\u00e3o da coroa a Ela, feito por Santo Estev\u00e3o, constitui um sinal e uma responsabilidade hist\u00f3rica e espiritual. Eu diria que, precisamente porque, como diz o hino nacional, \u201cos h\u00fangaros j\u00e1 pagaram o passado e o futuro\u201d, est\u00e3o em condi\u00e7\u00f5es de ser um pa\u00eds que pode dar muito a outros povos. Os meus votos s\u00e3o que a presidente, 50 anos depois, possa recolher os frutos da ora\u00e7\u00e3o de Chiara e constatar que Maria \u00e9 verdadeiramente Senhora dos Magiares.<\/p>\n","protected":false},"excerpt":{"rendered":"<p>50 anos ap\u00f3s a viagem de Chiara Lubich \u00e0 Hungria, a presidente Maria Voce visita a comunidade do Movimento dos Focolares em Budapeste. Encontro com Tanino Minuta, uma das testemunhas da difus\u00e3o do ideal da unidade no pa\u00eds magiar.<\/p>\n","protected":false},"author":34,"featured_media":0,"comment_status":"open","ping_status":"open","sticky":false,"template":"","format":"standard","meta":{"give_campaign_id":0,"_seopress_robots_primary_cat":"","_seopress_titles_title":"","_seopress_titles_desc":"","_seopress_robots_index":"","_et_pb_use_builder":"","_et_pb_old_content":"","_et_gb_content_width":"","footnotes":""},"categories":[909],"tags":[],"class_list":["post-300996","post","type-post","status-publish","format-standard","hentry","category-focolare-worldwide-2-4"],"_links":{"self":[{"href":"https:\/\/www.focolare.org\/pt-pt\/wp-json\/wp\/v2\/posts\/300996","targetHints":{"allow":["GET"]}}],"collection":[{"href":"https:\/\/www.focolare.org\/pt-pt\/wp-json\/wp\/v2\/posts"}],"about":[{"href":"https:\/\/www.focolare.org\/pt-pt\/wp-json\/wp\/v2\/types\/post"}],"author":[{"embeddable":true,"href":"https:\/\/www.focolare.org\/pt-pt\/wp-json\/wp\/v2\/users\/34"}],"replies":[{"embeddable":true,"href":"https:\/\/www.focolare.org\/pt-pt\/wp-json\/wp\/v2\/comments?post=300996"}],"version-history":[{"count":0,"href":"https:\/\/www.focolare.org\/pt-pt\/wp-json\/wp\/v2\/posts\/300996\/revisions"}],"wp:attachment":[{"href":"https:\/\/www.focolare.org\/pt-pt\/wp-json\/wp\/v2\/media?parent=300996"}],"wp:term":[{"taxonomy":"category","embeddable":true,"href":"https:\/\/www.focolare.org\/pt-pt\/wp-json\/wp\/v2\/categories?post=300996"},{"taxonomy":"post_tag","embeddable":true,"href":"https:\/\/www.focolare.org\/pt-pt\/wp-json\/wp\/v2\/tags?post=300996"}],"curies":[{"name":"wp","href":"https:\/\/api.w.org\/{rel}","templated":true}]}}