{"id":300998,"date":"2011-05-25T11:00:01","date_gmt":"2011-05-25T09:00:01","guid":{"rendered":"https:\/\/www.focolare.org\/jamaica-turne-do-gen-rosso\/"},"modified":"2024-05-13T21:13:43","modified_gmt":"2024-05-13T19:13:43","slug":"jamaica-turne-do-gen-rosso","status":"publish","type":"post","link":"https:\/\/www.focolare.org\/pt-pt\/jamaica-turne-do-gen-rosso\/","title":{"rendered":"Jamaica: turn\u00ea do Gen Rosso"},"content":{"rendered":"<p><img alt=\"\" alt=\"\" loading=\"lazy\" decoding=\"async\" class=\"alignleft size-large wp-image-37516\" style=\"margin-right: 10px;border: 0pt\" src=\"https:\/\/www.focolare.org\/wp-content\/uploads\/2011\/05\/20110525-04-210x157.jpg\" alt=\"\" width=\"210\" height=\"157\" \/>No dia 22 de maio, o<strong> Gen Rosso<\/strong> apresentou, em <strong>Kingston, capital da Jamaica<\/strong>, o espet\u00e1culo <strong>\u201cStreetlight\u201d<\/strong> na segunda Convoca\u00e7\u00e3o Internacional pela Paz que se realizou nesse pa\u00eds caribenho, promovida pelo <strong>Conselho Mundial de Igrejas<\/strong>.  O encontro representou uma nova e importante etapa no caminho de comunh\u00e3o e de compromisso m\u00fatuo entre as Igrejas a partir da reflex\u00e3o sobre o tema <strong>\u201cPaz &#8211; Justi\u00e7a &#8211; Defesa da Cria\u00e7\u00e3o\u201d<\/strong>. Essa convoca\u00e7\u00e3o ecum\u00eanica surgiu em meados dos anos 1980. Em particular, o evento de 2011 coloca-se como a conclus\u00e3o da <strong>\u201cD\u00e9cada para Superar a Viol\u00eancia\u201d<\/strong>, que tem visto as Igrejas ao redor do mundo empenharem-se cada vez mais pela paz e pela n\u00e3o-viol\u00eancia.  Nesta mesma frente, o Gen Rosso est\u00e1 ativo h\u00e1 v\u00e1rios anos com o projeto <strong>\u201cFortes sem viol\u00eancia\u201d<\/strong>, envolvendo escolas de ensino m\u00e9dio e superior em alguns pa\u00edses.  <img alt=\"\" alt=\"\" loading=\"lazy\" decoding=\"async\" class=\"alignright size-large wp-image-37519\" style=\"margin-left: 10px;border: 0pt none\" src=\"https:\/\/www.focolare.org\/wp-content\/uploads\/2011\/05\/20110525-07-210x139.jpg\" alt=\"\" width=\"210\" height=\"139\" \/><strong>Tomek Mikusinski<\/strong>, em nome do grupo, escreveu \u00e0 nossa reda\u00e7\u00e3o: <em>\u00abVoltamos de um grande teatro tenda, popularmente conhecido como \u201cTent\u201d com o cora\u00e7\u00e3o cheio de alegria por aquilo que aconteceu nesta noite em Kingston: <strong>700 pessoas de todas as esferas sociais <\/strong>participaram do nosso musical Streetlight. O <\/em><em> Re. Dr. Olaf Tveit,\u00a0Secret\u00e1rio Geral do Conselho Mundial de Igrejas coordenador do evento, nos recebeu com calorosas palavras de boas-vindas e de gratid\u00e3o com o trabalho que temos realizado juntos aos jovens de Trench Town, um bairro mergulhado na viol\u00eancia no conhecido centro da cidade de Kingston\u00bb.<\/em>  Na verdade, foi exatamente com as crian\u00e7as desse bairro que a banda trabalhou nos dias precedentes ao show, por meio de v\u00e1rias oficinas, laborat\u00f3rios; mas, sobretudo, a partir de um relacionamento fundamentado na fraternidade que se estabeleceu entre os membros do grupo e as crian\u00e7as. O Gen Rosso foi capaz de transmitir, por meio de diferentes formas art\u00edsticas, os valores que ajudam os adolescentes a <strong>combater a viol\u00eancia, a exclus\u00e3o, as persegui\u00e7\u00f5es<\/strong> e as v\u00e1rias formas de transtornos que muitos deles vivem nos grandes centros urbanos: <em>\u00ab<\/em><em>Cada refei\u00e7\u00e3o feita juntos, cada bom-dia e cada sauda\u00e7\u00e3o era uma ocasi\u00e3o para estabelecer um relacionamento e dizer que tamb\u00e9m n\u00f3s fazemos a nossa parte nesse importante di\u00e1logo entre as Igrejas crist\u00e3s. Outro momento importante foi trabalhar com os jovens do gueto. Na Jamaica, \u201cFortes sem viol\u00eancia\u201d j\u00e1 \u00e9 de fato uma realidade!\u00bb<\/em>, concluiu Mikusinski.  <img alt=\"\" alt=\"\" loading=\"lazy\" decoding=\"async\" class=\"alignleft size-full wp-image-37517\" style=\"margin-right: 10px;border: 0pt\" src=\"https:\/\/www.focolare.org\/wp-content\/uploads\/2011\/05\/20110525-05.jpg\" alt=\"\" width=\"269\" height=\"179\" \/>Se, ent\u00e3o, o show na \u201cTent\u201d foi o <strong>ponto alto da turn\u00ea na Jamaica<\/strong>, n\u00e3o faltaram outros momentos importantes durante os quais o Gen Rosso foi capaz de dar uma contribui\u00e7\u00e3o efetiva para a solu\u00e7\u00e3o do problema da viol\u00eancia entre as jovens gera\u00e7\u00f5es do pa\u00eds, que continua a ser o terceiro no mundo pela sua alta taxa de criminalidade.  Assim foi a segunda-feira 23 de maio, quando o grupo juntamente com a <strong>Associa\u00e7\u00e3o Starchmaker<\/strong>, foi capaz de apresentar o projeto \u201cFortes e sem viol\u00eancia\u201d em uma sess\u00e3o oficial da confer\u00eancia, para pessoas convidadas e interessadas nas diferentes facetas art\u00edsticas do projeto, e para outras \u00e1reas da sociedade nas quais o projeto ganha forma.  &nbsp;  <a href=\"http:\/\/www.genrosso.com\" target=\"_blank\" rel=\"noopener\"><\/a>  <a href=\"http:\/\/www.genrosso.com\" target=\"_blank\" rel=\"noopener\"><\/a><\/p>\n","protected":false},"excerpt":{"rendered":"<p>Em Kingston, Jamaica, o Gen Rosso participa da segunda Convoca\u00e7\u00e3o Ecum\u00eanica Internacional pela Paz apresentando o espet\u00e1culo Streetlight e o projeto \u201cFortes sem viol\u00eancia\u201d, entre os dias 17 e 25 de maio de 2011.<\/p>\n","protected":false},"author":34,"featured_media":0,"comment_status":"open","ping_status":"open","sticky":false,"template":"","format":"standard","meta":{"give_campaign_id":0,"_seopress_robots_primary_cat":"","_seopress_titles_title":"","_seopress_titles_desc":"","_seopress_robots_index":"","_et_pb_use_builder":"","_et_pb_old_content":"","_et_gb_content_width":"","footnotes":""},"categories":[909],"tags":[],"class_list":["post-300998","post","type-post","status-publish","format-standard","hentry","category-focolare-worldwide-2-4"],"_links":{"self":[{"href":"https:\/\/www.focolare.org\/pt-pt\/wp-json\/wp\/v2\/posts\/300998","targetHints":{"allow":["GET"]}}],"collection":[{"href":"https:\/\/www.focolare.org\/pt-pt\/wp-json\/wp\/v2\/posts"}],"about":[{"href":"https:\/\/www.focolare.org\/pt-pt\/wp-json\/wp\/v2\/types\/post"}],"author":[{"embeddable":true,"href":"https:\/\/www.focolare.org\/pt-pt\/wp-json\/wp\/v2\/users\/34"}],"replies":[{"embeddable":true,"href":"https:\/\/www.focolare.org\/pt-pt\/wp-json\/wp\/v2\/comments?post=300998"}],"version-history":[{"count":0,"href":"https:\/\/www.focolare.org\/pt-pt\/wp-json\/wp\/v2\/posts\/300998\/revisions"}],"wp:attachment":[{"href":"https:\/\/www.focolare.org\/pt-pt\/wp-json\/wp\/v2\/media?parent=300998"}],"wp:term":[{"taxonomy":"category","embeddable":true,"href":"https:\/\/www.focolare.org\/pt-pt\/wp-json\/wp\/v2\/categories?post=300998"},{"taxonomy":"post_tag","embeddable":true,"href":"https:\/\/www.focolare.org\/pt-pt\/wp-json\/wp\/v2\/tags?post=300998"}],"curies":[{"name":"wp","href":"https:\/\/api.w.org\/{rel}","templated":true}]}}