{"id":301004,"date":"2011-05-26T15:34:35","date_gmt":"2011-05-26T13:34:35","guid":{"rendered":"https:\/\/www.focolare.org\/quenia-encontro-de-bispos-amigos-do-movimento-dos-focolares\/"},"modified":"2024-05-13T21:13:44","modified_gmt":"2024-05-13T19:13:44","slug":"quenia-encontro-de-bispos-amigos-do-movimento-dos-focolares","status":"publish","type":"post","link":"https:\/\/www.focolare.org\/pt-pt\/quenia-encontro-de-bispos-amigos-do-movimento-dos-focolares\/","title":{"rendered":"Qu\u00eania: encontro de bispos amigos do Movimento dos Focolares"},"content":{"rendered":"<p><a href=\"https:\/\/www.focolare.org\/wp-content\/uploads\/2011\/05\/20110526-05.jpg\"><img alt=\"\" alt=\"\" loading=\"lazy\" decoding=\"async\" class=\"alignright size-full wp-image-37723\" style=\"margin-left: 10px;border: 0pt none\" src=\"https:\/\/www.focolare.org\/wp-content\/uploads\/2011\/05\/20110526-05.jpg\" alt=\"\" width=\"269\" height=\"202\" \/><\/a><strong>De 23 a 28 de maio<\/strong> realiza-se um congresso que re\u00fane 21 bispos provenientes da <strong>\u00c1frica do Sul, Angola, Uganda, Burundi e Qu\u00eania<\/strong>, na pequena cidade de testemunho dos Focolares, no Qu\u00eania, desejosos de <strong>\u201cRedescobrir os des\u00edgnios de Deus hoje\u201d<\/strong>, numa atmosfera de comunh\u00e3o e simplicidade fraterna.  O encontro ser\u00e1 enriquecido por reflex\u00f5es teol\u00f3gicas, assuntos de  atualidade da Igreja, apresenta\u00e7\u00e3o de depoimentos de vida evang\u00e9lica e  experi\u00eancias. Tudo intercalado por medita\u00e7\u00f5es, celebra\u00e7\u00f5es e momentos de  ora\u00e7\u00e3o em comum.  <a href=\"https:\/\/www.focolare.org\/wp-content\/uploads\/2011\/05\/BishopsMeetingKenya.jpg\"><img alt=\"\" alt=\"\" loading=\"lazy\" decoding=\"async\" class=\"alignleft size-large wp-image-37421\" style=\"margin-right: 10px;border: 0pt none\" src=\"https:\/\/www.focolare.org\/wp-content\/uploads\/2011\/05\/BishopsMeetingKenya-210x137.jpg\" alt=\"\" width=\"210\" height=\"137\" \/><\/a>J\u00e1 h\u00e1 alguns anos, nas v\u00e1rias \u00e1reas geogr\u00e1ficas do continente  africano, acontecem encontros de bispos que se inspiram na  \u201cespiritualidade de comunh\u00e3o\u201d proposta pelos \u00faltimos Papas e salientada  pelo Movimento dos Focolares.  Depois do encontro no Qu\u00eania aconteceram outros dois, em <strong>Moramanga (Madagascar)<\/strong> e <strong>Bamenda\/Fontem (Camar\u00f5es)<\/strong>.<\/p>\n","protected":false},"excerpt":{"rendered":"<p>Mari\u00e1polis Piero (Nairobi \u2013 Qu\u00eania): \u201cRedescobrir os des\u00edgnios de Deus hoje\u201d<\/p>\n","protected":false},"author":33,"featured_media":0,"comment_status":"open","ping_status":"open","sticky":false,"template":"","format":"standard","meta":{"give_campaign_id":0,"_seopress_robots_primary_cat":"","_seopress_titles_title":"","_seopress_titles_desc":"","_seopress_robots_index":"","_et_pb_use_builder":"","_et_pb_old_content":"","_et_gb_content_width":"","footnotes":""},"categories":[129],"tags":[],"class_list":["post-301004","post","type-post","status-publish","format-standard","hentry","category-sem-categoria"],"_links":{"self":[{"href":"https:\/\/www.focolare.org\/pt-pt\/wp-json\/wp\/v2\/posts\/301004","targetHints":{"allow":["GET"]}}],"collection":[{"href":"https:\/\/www.focolare.org\/pt-pt\/wp-json\/wp\/v2\/posts"}],"about":[{"href":"https:\/\/www.focolare.org\/pt-pt\/wp-json\/wp\/v2\/types\/post"}],"author":[{"embeddable":true,"href":"https:\/\/www.focolare.org\/pt-pt\/wp-json\/wp\/v2\/users\/33"}],"replies":[{"embeddable":true,"href":"https:\/\/www.focolare.org\/pt-pt\/wp-json\/wp\/v2\/comments?post=301004"}],"version-history":[{"count":0,"href":"https:\/\/www.focolare.org\/pt-pt\/wp-json\/wp\/v2\/posts\/301004\/revisions"}],"wp:attachment":[{"href":"https:\/\/www.focolare.org\/pt-pt\/wp-json\/wp\/v2\/media?parent=301004"}],"wp:term":[{"taxonomy":"category","embeddable":true,"href":"https:\/\/www.focolare.org\/pt-pt\/wp-json\/wp\/v2\/categories?post=301004"},{"taxonomy":"post_tag","embeddable":true,"href":"https:\/\/www.focolare.org\/pt-pt\/wp-json\/wp\/v2\/tags?post=301004"}],"curies":[{"name":"wp","href":"https:\/\/api.w.org\/{rel}","templated":true}]}}