{"id":301016,"date":"2011-05-28T09:16:23","date_gmt":"2011-05-28T07:16:23","guid":{"rendered":"https:\/\/www.focolare.org\/a-familia-e-o-seu-designio\/"},"modified":"2024-05-13T21:13:45","modified_gmt":"2024-05-13T19:13:45","slug":"a-familia-e-o-seu-designio","status":"publish","type":"post","link":"https:\/\/www.focolare.org\/pt-pt\/a-familia-e-o-seu-designio\/","title":{"rendered":"A fam\u00edlia e o seu des\u00edgnio"},"content":{"rendered":"<p><img alt=\"\" alt=\"\" loading=\"lazy\" decoding=\"async\" class=\"alignleft size-full wp-image-38012\" style=\"margin-right: 10px;border: 0pt none\" src=\"https:\/\/www.focolare.org\/wp-content\/uploads\/2011\/05\/family.jpg\" alt=\"\" width=\"210\" height=\"128\" \/><strong>Em primeiro plano, na abertura, o beato Jo\u00e3o Paulo II<\/strong>, cujo pontificado reservou uma \u201caten\u00e7\u00e3o priorit\u00e1ria e apaixonada \u00e0 fam\u00edlia\u201d. O cardeal Ennio Antonelli, presidente do Pontif\u00edcio Conselho para a fam\u00edlia, evidenciou em seu discurso como \u201cpara o Papa da nova evangeliza\u00e7\u00e3o, a fam\u00edlia pequena igreja ou igreja dom\u00e9stica, n\u00e3o \u00e9 um modo de dizer. Trata-se de uma atua\u00e7\u00e3o da Igreja espec\u00edfica e real: os c\u00f4njuges \u2013 como escrito na Exorta\u00e7\u00e3o Apost\u00f3lica <strong><a href=\"http:\/\/www.vatican.va\/holy_father\/john_paul_ii\/apost_exhortations\/documents\/hf_jp-ii_exh_19811122_familiaris-consortio_po.html\" target=\"_blank\" rel=\"noopener\"><em>Familiaris Consortio<\/em><\/a><\/strong> \u2013 \u2018n\u00e3o apenas revivem o amor de Cristo tornando-se comunidade salva, mas s\u00e3o chamados a transmitir aos irm\u00e3os o mesmo amor de Cristo, tornando-se comunidade salvadora\u2019 (FC 49)\u201d.  <strong>Durante a tarde aconteceu o esperado encontro com a presidente do Movimento dos Focolares<\/strong>, <strong>Maria Voce<\/strong>, que estabeleceu com os participantes, cerca de mil, de todos os continentes, um di\u00e1logo profundo, exprimindo a alegria de estar com fam\u00edlias que se colocam como instrumentos de unidade nos ambientes onde vivem.  <strong>Os testemunhos colocaram em evid\u00eancia como a confian\u00e7a no amor transforma<\/strong> e ilumina a vida cotidiana, e \u00e9 apoio e guia nos momentos mais dif\u00edceis, as doen\u00e7as, incertezas, separa\u00e7\u00f5es, viuvez.  Em colabora\u00e7\u00e3o com o setor jovem do Movimento dos Focolares, com a inten\u00e7\u00e3o de partilhar os objetivos educativos e colaborar para a sua realiza\u00e7\u00e3o, dois momentos foram dedicados \u00e0 educa\u00e7\u00e3o dos filhos. E falou-se de educa\u00e7\u00e3o tamb\u00e9m nos trabalhos em grupo: educa\u00e7\u00e3o a um estilo de vida s\u00f3brio, \u00e0 afetividade, ao uso da m\u00eddia, relacionada \u00e0s diferentes faixas et\u00e1rias. E significativo foi ainda o espa\u00e7o dedicado \u00e0s<strong> fam\u00edlias jovens<\/strong>.  Uma<strong> transmiss\u00e3o internet<\/strong> permitiu a in\u00fameras pessoas, em v\u00e1rios pontos do mundo, acompanharem momentos nos quais falou-se de afetividade, comunica\u00e7\u00e3o e espiritualidade. Mensagens de ades\u00e3o a alegria chegaram do Canad\u00e1, Venezuela, Israel, El Salvador, Brasil, Espanha, etc. \u201cAgradecemos imensamente pelo gesto de amor concreto, que nos permitiu acompanhar o evento diretamente, \u2013 escreveram do Panam\u00e1 \u2013 \u00a0reafirmando o valor da fam\u00edlia e a f\u00e9 de que Jesus nos ajuda a constru\u00ed-la. A sociedade passa a ideia de que a fam\u00edlia caiu de moda, mas hoje, escutando voc\u00eas, sentimos que a fam\u00edlia \u00e9 algo moderno e atual\u201d.  \u201cVoc\u00eas iluminaram a nossa vida matrimonial em todos os seus aspectos \u2013 disseram da Eslov\u00eania \u2013. Viver a espiritualidade do Evangelho nos leva \u00e0 plenitude da felicidade e rejuvenesce o amor, que queremos levar ao maior n\u00famero poss\u00edvel de fam\u00edlias\u201d.<\/p>\n","protected":false},"excerpt":{"rendered":"<p>Mais de mil pessoas, participantes do encontro de Fam\u00edlias Novas (5-8 de maio de 2011) recolocaram a foco o des\u00edgnio origin\u00e1rio da fam\u00edlia, as caracter\u00edsticas do amor conjugal, a miss\u00e3o educativa dos pais.<\/p>\n","protected":false},"author":27,"featured_media":0,"comment_status":"open","ping_status":"open","sticky":false,"template":"","format":"standard","meta":{"give_campaign_id":0,"_seopress_robots_primary_cat":"","_seopress_titles_title":"","_seopress_titles_desc":"","_seopress_robots_index":"","_et_pb_use_builder":"","_et_pb_old_content":"","_et_gb_content_width":"","footnotes":""},"categories":[129],"tags":[],"class_list":["post-301016","post","type-post","status-publish","format-standard","hentry","category-sem-categoria"],"_links":{"self":[{"href":"https:\/\/www.focolare.org\/pt-pt\/wp-json\/wp\/v2\/posts\/301016","targetHints":{"allow":["GET"]}}],"collection":[{"href":"https:\/\/www.focolare.org\/pt-pt\/wp-json\/wp\/v2\/posts"}],"about":[{"href":"https:\/\/www.focolare.org\/pt-pt\/wp-json\/wp\/v2\/types\/post"}],"author":[{"embeddable":true,"href":"https:\/\/www.focolare.org\/pt-pt\/wp-json\/wp\/v2\/users\/27"}],"replies":[{"embeddable":true,"href":"https:\/\/www.focolare.org\/pt-pt\/wp-json\/wp\/v2\/comments?post=301016"}],"version-history":[{"count":0,"href":"https:\/\/www.focolare.org\/pt-pt\/wp-json\/wp\/v2\/posts\/301016\/revisions"}],"wp:attachment":[{"href":"https:\/\/www.focolare.org\/pt-pt\/wp-json\/wp\/v2\/media?parent=301016"}],"wp:term":[{"taxonomy":"category","embeddable":true,"href":"https:\/\/www.focolare.org\/pt-pt\/wp-json\/wp\/v2\/categories?post=301016"},{"taxonomy":"post_tag","embeddable":true,"href":"https:\/\/www.focolare.org\/pt-pt\/wp-json\/wp\/v2\/tags?post=301016"}],"curies":[{"name":"wp","href":"https:\/\/api.w.org\/{rel}","templated":true}]}}