{"id":301036,"date":"2011-06-08T08:09:43","date_gmt":"2011-06-08T06:09:43","guid":{"rendered":"https:\/\/www.focolare.org\/as-catedras-de-sophia-quando-filosofia-economia-e-politica-se-encontram\/"},"modified":"2024-05-13T21:13:48","modified_gmt":"2024-05-13T19:13:48","slug":"as-catedras-de-sophia-quando-filosofia-economia-e-politica-se-encontram","status":"publish","type":"post","link":"https:\/\/www.focolare.org\/pt-pt\/as-catedras-de-sophia-quando-filosofia-economia-e-politica-se-encontram\/","title":{"rendered":"\u201cAs c\u00e1tedras de Sophia\u201d: quando filosofia, economia e pol\u00edtica se encontram"},"content":{"rendered":"<p><img alt=\"\" alt=\"\" loading=\"lazy\" decoding=\"async\" class=\"alignleft size-large wp-image-38828\" style=\"margin-right: 10px;border: 0pt none\" src=\"https:\/\/www.focolare.org\/wp-content\/uploads\/2011\/06\/20110609-15-210x170.jpg\" alt=\"\" width=\"210\" height=\"170\" \/><em>\u201cAs c\u00e1tedras de Sophia\u201d s\u00e3o aulas magistrais de reconhecidos expoentes da cultura contempor\u00e2nea. Depois de Ugo Amaldi, cardeal Marc Oullet, Stefano Zamagni e Sergio Zavoli, chegou a vez de Martha Nussbaum.<\/em>  <strong>Talvez poucos conhe\u00e7am o seu nome<\/strong>, mas foi ela, em 1986, a primeira a introduzir o conceito de \u201cbens relacionais\u201d \u2013 hoje assumido estavelmente na economia \u2013 e a influenciar notavelmente at\u00e9 mesmo as Na\u00e7\u00f5es Unidas, na elabora\u00e7\u00e3o do \u00edndice de desenvolvimento humano. E isso gra\u00e7as ao <em>capability approach<\/em> (abordagem segundo as capacidades), elaborado com o <strong>pr\u00eamio Nobel Amartya Sen<\/strong>. E ela n\u00e3o \u00e9 uma economista, mas uma fil\u00f3sofa, trata-se da americana <strong>Martha Nussbaum<\/strong>, docente de direito e \u00e9tica na Universidade de Chicago e conhecida nos ambientes acad\u00eamicos, e n\u00e3o s\u00f3, especialmente por ter introduzido o tema das emo\u00e7\u00f5es na reflex\u00e3o pol\u00edtica e social. E precisamente as \u201cemo\u00e7\u00f5es p\u00fablicas\u201d foram o n\u00facleo das confer\u00eancias que a levaram \u00e0 It\u00e1lia.  Em<a href=\"http:\/\/www.loppiano.it\/\" target=\"_blank\" rel=\"noopener\"><strong> Loppiano<\/strong><\/a> reuniu-se inicialmente com os <a href=\"http:\/\/www.iu-sophia.org\/default.asp?s=232\" target=\"_blank\" rel=\"noopener\"><strong>estudantes de Sophia<\/strong><\/a>, estabelecendo um interessante interc\u00e2mbio, no qual n\u00e3o apenas os estudantes fizeram perguntas, mas foram tamb\u00e9m eles interpelados. Desabrochou um confronto n\u00e3o apenas sobre a conviv\u00eancia entre culturas e religi\u00f5es diferentes, mas tamb\u00e9m sobre diferentes sistemas educativos, sentido de modo especial dada a proveni\u00eancia geogr\u00e1fica t\u00e3o diversificada dos participantes.  Mas tamb\u00e9m <strong>a rela\u00e7\u00e3o entre filosofia e economia ocupou boa parte do debate<\/strong>, a partir da narrativa da experi\u00eancia direta de Martha Nussbaum com Sen, um tema que abriu ao da interisciplinariedade do saber e da necessidade de colabora\u00e7\u00e3o entre estudiosos dos diversos setores.  <img alt=\"\" alt=\"\" loading=\"lazy\" decoding=\"async\" class=\"alignright size-home_top wp-image-38827\" style=\"margin-left: 10px;border: 0pt none\" src=\"https:\/\/www.focolare.org\/wp-content\/uploads\/2011\/06\/20110609-14-421x200.jpg\" alt=\"\" width=\"421\" height=\"200\" \/>Com rela\u00e7\u00e3o \u00e0 experi\u00eancia espec\u00edfica do Instituto Sophia, Nussbaum observou como este fornece\u00a0 um tipo de forma\u00e7\u00e3o interdisciplinar que \u00e9 crucial na forma\u00e7\u00e3o de \u201ccidad\u00e3os do mundo\u201d. \u00abSe nos limitamos a um \u00fanico campo de conhecimento n\u00e3o somos suficientemente equipados nesse sentido\u00bb, afirmou. E dirigiu aos estudantes o convite a \u00abprocurar entender como<strong> juntar a abordagem cr\u00edtica \u00e0 emocional<\/strong>\u00bb, elementos essenciais, no seu pensamento, para construir uma sociedade que saiba respeitar todos os aspectos da vida humana.  A confer\u00eancia aberta ao p\u00fablico, com o t\u00edtulo <strong>\u201cEmo\u00e7\u00f5es p\u00fablicas e sociedade decente\u201d<\/strong>, foi uma esp\u00e9cie de viagem no tempo e no espa\u00e7o \u2013 da Europa depois da Revolu\u00e7\u00e3o Francesa e do pensamento de<strong> Comte e Mill, at\u00e9 a \u00cdndia de Tagore e Gandhi<\/strong> \u2013 para examinar como a ideia de uma sociedade constru\u00edda ao redor de uma \u201creligi\u00e3o civil\u201d, sustentada, portanto, pelas emo\u00e7\u00f5es, tenha aberto caminho e se tenha concretizado, especialmente, na experi\u00eancia do Subcontinente. Emo\u00e7\u00f5es entendidas no sentido de \u201cempatia\u201d pelo outro, de capacidade de perceber um \u201cbem comum\u201d a ser buscado, que abra\u00e7a toda a sociedade, que o pr\u00f3prio Estado \u00e9 chamado a promover partindo da educa\u00e7\u00e3o dos jovens.  Fonte: Citt\u00e0 Nuova online<\/p>\n","protected":false},"excerpt":{"rendered":"<p>No Instituto Universit\u00e1rio Sophia de Loppiano (Floren\u00e7a \u2013 It\u00e1lia), dia 16 de junho de 2011, a fil\u00f3sofa americana Martha Nussbaum fez uma confer\u00eancia sobre \u201cAs emo\u00e7\u00f5es p\u00fablicas\u201d, uma abordagem ao mesmo tempo cr\u00edtica e emocional, por uma sociedade mais aberta ao bem comum.<\/p>\n","protected":false},"author":34,"featured_media":0,"comment_status":"open","ping_status":"open","sticky":false,"template":"","format":"standard","meta":{"give_campaign_id":0,"_seopress_robots_primary_cat":"","_seopress_titles_title":"","_seopress_titles_desc":"","_seopress_robots_index":"","_et_pb_use_builder":"","_et_pb_old_content":"","_et_gb_content_width":"","footnotes":""},"categories":[129],"tags":[],"class_list":["post-301036","post","type-post","status-publish","format-standard","hentry","category-sem-categoria"],"_links":{"self":[{"href":"https:\/\/www.focolare.org\/pt-pt\/wp-json\/wp\/v2\/posts\/301036","targetHints":{"allow":["GET"]}}],"collection":[{"href":"https:\/\/www.focolare.org\/pt-pt\/wp-json\/wp\/v2\/posts"}],"about":[{"href":"https:\/\/www.focolare.org\/pt-pt\/wp-json\/wp\/v2\/types\/post"}],"author":[{"embeddable":true,"href":"https:\/\/www.focolare.org\/pt-pt\/wp-json\/wp\/v2\/users\/34"}],"replies":[{"embeddable":true,"href":"https:\/\/www.focolare.org\/pt-pt\/wp-json\/wp\/v2\/comments?post=301036"}],"version-history":[{"count":0,"href":"https:\/\/www.focolare.org\/pt-pt\/wp-json\/wp\/v2\/posts\/301036\/revisions"}],"wp:attachment":[{"href":"https:\/\/www.focolare.org\/pt-pt\/wp-json\/wp\/v2\/media?parent=301036"}],"wp:term":[{"taxonomy":"category","embeddable":true,"href":"https:\/\/www.focolare.org\/pt-pt\/wp-json\/wp\/v2\/categories?post=301036"},{"taxonomy":"post_tag","embeddable":true,"href":"https:\/\/www.focolare.org\/pt-pt\/wp-json\/wp\/v2\/tags?post=301036"}],"curies":[{"name":"wp","href":"https:\/\/api.w.org\/{rel}","templated":true}]}}