{"id":301050,"date":"2011-06-14T06:03:43","date_gmt":"2011-06-14T04:03:43","guid":{"rendered":"https:\/\/www.focolare.org\/genebra-new-humanity-no-palacio-das-nacoes-unidas\/"},"modified":"2024-05-13T21:13:50","modified_gmt":"2024-05-13T19:13:50","slug":"genebra-new-humanity-no-palacio-das-nacoes-unidas","status":"publish","type":"post","link":"https:\/\/www.focolare.org\/pt-pt\/genebra-new-humanity-no-palacio-das-nacoes-unidas\/","title":{"rendered":"Genebra: New Humanity  no Pal\u00e1cio das Na\u00e7\u00f5es Unidas"},"content":{"rendered":"<p><img alt=\"\" alt=\"\" loading=\"lazy\" decoding=\"async\" class=\"alignleft size-home_top wp-image-39213\" style=\"margin-right: 10px;border: 0pt none\" src=\"https:\/\/www.focolare.org\/wp-content\/uploads\/2011\/06\/GinevraONU_3-giugno_2011-421x200.jpg\" alt=\"\" width=\"421\" height=\"200\" \/>Sexta-feira, 3 de junho de 2011, na Sala IX do Pal\u00e1cio de Genebra, estudantes e docentes do <a href=\"http:\/\/www.focolari-montet.ch\/IT_HOME.htm\" target=\"_blank\" rel=\"noopener\"><strong>Centro de forma\u00e7\u00e3o dos Focolares de Montet<\/strong><\/a> participaram, juntamente com outros jovens, do semin\u00e1rio intitulado \u201cO papel das Organiza\u00e7\u00f5es internacionais diante do Conselho dos Direitos Humanos\u201d. A iniciativa foi organizada por <em>New Humanity <\/em>em colabora\u00e7\u00e3o com o <strong>F\u00f3rum das ONGs <\/strong>de inspira\u00e7\u00e3o cat\u00f3lica presentes em Genebra.  Montet, na Su\u00ed\u00e7a francesa, \u00e9 uma das cidadezinhas do Movimento dos Focolares, onde jovens do mundo inteiro, passam um per\u00edodo de estudo e aprofundamento da espiritualidade da unidade. O simp\u00f3sio de Genebra representou um momento significativo no percurso de estudo da Doutrina Social da Igreja, oferecendo aos jovens participantes um amplo panorama sobre a natureza e o papel das Organiza\u00e7\u00f5es n\u00e3o Governamentais.  O semin\u00e1rio foi introduzido pelo presidente de <em>New Humanity<\/em> <strong>Franco Pizzorno,<\/strong> que tracejou os motivos inspiradores e as iniciativas concretas dos v\u00e1rios setores do Movimento dos Focolares que operam no campo da fam\u00edlia, dos jovens, da economia, da pol\u00edtica e da coopera\u00e7\u00e3o internacional.  Dom <strong>Silvano Tomasi<\/strong>, observador permanente da Santa S\u00e9 junto \u00e0s Na\u00e7\u00f5es Unidas de Genebra, apresentou um relat\u00f3rio amplo e profundo sobre o empenho constante da Igreja cat\u00f3lica em defesa dos direitos fundamentais do homem.  O Dr <strong>Ricardo Espinosa<\/strong>, coordenador das ONGs credenciadas pela ONU, evidenciou a contribui\u00e7\u00e3o como consci\u00eancia cr\u00edtica que as organiza\u00e7\u00f5es da sociedade civil podem oferecer no relacionamento com as institui\u00e7\u00e3o; e a Dra <strong>Shyami Pumanasinghe<\/strong>, funcion\u00e1ria da ONU, ilustrou o trabalho desenvolvido para a formula\u00e7\u00e3o da declara\u00e7\u00e3o dos Direitos ao Desenvolvimento e \u00e0 Solidariedade.  De grande impacto foi a confer\u00eancia de <strong>Alfred Fernandez,<\/strong> diretor da OIDEL (Organiza\u00e7\u00e3o Internacional pelo Direito \u00e0 Liberdade de Educa\u00e7\u00e3o) que sintetizou a fisionomia das ONGs, evidenciando o quanto o relacionamento de confian\u00e7a com as institui\u00e7\u00f5es \u00e9 fundamental para serem reconhecidas e escutadas como parceiras. <strong>Alessandra Aula <\/strong>do BICE (Bureau Internacional Cat\u00f3lico para a Inf\u00e2ncia) testemunhou o compromisso das ONGs em defesa dos direitos humanos.  Todas as palestras foram caracterizadas por um clima de particular sintonia entre os oradores e o p\u00fablico, gra\u00e7as, inclusive, \u00e0 eficaz e envolvente coordena\u00e7\u00e3o dos trabalhos bem-vindos de <strong>Jorge Ferreira<\/strong>, representante de <em>New Humanity<\/em> em Genebra. Em um di\u00e1logo vivaz e agrad\u00e1vel, cada participante teve a possibilidade de abrir um novo, e privilegiado, horizonte sobre a tem\u00e1tica dos Direitos Humanos, redescobrindo a import\u00e2ncia da contribui\u00e7\u00e3o dos valores e das experi\u00eancias que a sociedade civil \u00e9 capaz de oferecer ao debate internacional, inclusive pela contribui\u00e7\u00e3o das ONGs, sobre os grandes temas da conviv\u00eancia civil.<\/p>\n","protected":false},"excerpt":{"rendered":"<p>Estudantes, professores e respons\u00e1veis do Centro de Forma\u00e7\u00e3o dos Focolares em Montet (Su\u00ed\u00e7a) no semin\u00e1rio sobre os direitos humanos, organizado por NH na sede das Na\u00e7\u00f5es Unidas.<\/p>\n","protected":false},"author":34,"featured_media":0,"comment_status":"open","ping_status":"open","sticky":false,"template":"","format":"standard","meta":{"give_campaign_id":0,"_seopress_robots_primary_cat":"","_seopress_titles_title":"","_seopress_titles_desc":"","_seopress_robots_index":"","_et_pb_use_builder":"","_et_pb_old_content":"","_et_gb_content_width":"","footnotes":""},"categories":[909],"tags":[],"class_list":["post-301050","post","type-post","status-publish","format-standard","hentry","category-focolare-worldwide-2-4"],"_links":{"self":[{"href":"https:\/\/www.focolare.org\/pt-pt\/wp-json\/wp\/v2\/posts\/301050","targetHints":{"allow":["GET"]}}],"collection":[{"href":"https:\/\/www.focolare.org\/pt-pt\/wp-json\/wp\/v2\/posts"}],"about":[{"href":"https:\/\/www.focolare.org\/pt-pt\/wp-json\/wp\/v2\/types\/post"}],"author":[{"embeddable":true,"href":"https:\/\/www.focolare.org\/pt-pt\/wp-json\/wp\/v2\/users\/34"}],"replies":[{"embeddable":true,"href":"https:\/\/www.focolare.org\/pt-pt\/wp-json\/wp\/v2\/comments?post=301050"}],"version-history":[{"count":0,"href":"https:\/\/www.focolare.org\/pt-pt\/wp-json\/wp\/v2\/posts\/301050\/revisions"}],"wp:attachment":[{"href":"https:\/\/www.focolare.org\/pt-pt\/wp-json\/wp\/v2\/media?parent=301050"}],"wp:term":[{"taxonomy":"category","embeddable":true,"href":"https:\/\/www.focolare.org\/pt-pt\/wp-json\/wp\/v2\/categories?post=301050"},{"taxonomy":"post_tag","embeddable":true,"href":"https:\/\/www.focolare.org\/pt-pt\/wp-json\/wp\/v2\/tags?post=301050"}],"curies":[{"name":"wp","href":"https:\/\/api.w.org\/{rel}","templated":true}]}}