{"id":301058,"date":"2011-06-18T04:30:15","date_gmt":"2011-06-18T02:30:15","guid":{"rendered":"https:\/\/www.focolare.org\/adocao-internacional-se-amas-o-meu-pais-amas-a-mim\/"},"modified":"2024-05-13T21:14:02","modified_gmt":"2024-05-13T19:14:02","slug":"adocao-internacional-se-amas-o-meu-pais-amas-a-mim","status":"publish","type":"post","link":"https:\/\/www.focolare.org\/pt-pt\/adocao-internacional-se-amas-o-meu-pais-amas-a-mim\/","title":{"rendered":"Ado\u00e7\u00e3o internacional \u2013 \u201cSe amas o meu pa\u00eds, amas a mim\u201d"},"content":{"rendered":"<p><img alt=\"\" alt=\"\" loading=\"lazy\" decoding=\"async\" class=\"alignleft size-full wp-image-39539\" style=\"margin-right: 10px;border: 0pt\" src=\"https:\/\/www.focolare.org\/wp-content\/uploads\/2011\/06\/20110618-03.jpg\" alt=\"\" width=\"511\" height=\"218\" \/>\u201cN\u00e3o nos assusta um filho vindo de longe, que ter\u00e1 tra\u00e7os som\u00e1ticos, cor da pele, cultura e modos de viver diferentes dos nossos \u2013 dizem Maria Pina e Angelo Caporaso \u2013. Pelo contr\u00e1rio, nos entusiasma poder dar o nosso amor, abrir a nossa casa e o nosso cora\u00e7\u00e3o a crian\u00e7as atingidas pelo drama do abandono\u201d.  Os relatos das fam\u00edlias, os aspectos socioculturais e pol\u00edtico-institucionais do elemento intercultural, abordados no encontro \u201cSe amas o meu pa\u00eds, amas a mim \u2013 itiner\u00e1rios interculturais na ado\u00e7\u00e3o internacional\u201d, (11 e 12 de junho de 2011, Castelgandolfo, Roma, It\u00e1lia), com patroc\u00ednio do Alto Patronato do Presidente da Rep\u00fablica. O encontro, promovido por A\u00e7\u00e3o Fam\u00edlias Novas, era dirigido aos diretamente interessados no trabalho (assistentes sociais, psic\u00f3logos, professores, agente do setor, pol\u00edticos, etc.), e, de modo especial, a casais direcionados \u00e0 ado\u00e7\u00e3o.  As interven\u00e7\u00f5es de representantes e agentes do exterior, de alguns pa\u00edses onde a AFN atua, colocaram em evid\u00eancia o trabalho desenvolvido no pa\u00eds de origem das crian\u00e7as, pelas autoridades centrais estrangeiras e pelos agentes da AFN. O ponto de vista das crian\u00e7as e adolescentes emergiu atrav\u00e9s das diversas reflex\u00f5es e, de maneira especial, no depoimento de duas meninas g\u00eameas, brasileiras, adotadas em 1984, hoje uma psic\u00f3loga e outra assistente social.  <strong>\u201cO mundo das ado\u00e7\u00f5es \u00e9 um laborat\u00f3rio de experi\u00eancias, leva-nos ao horizonte das diferen\u00e7as<\/strong>. Inclui din\u00e2micas relacionais que ajudam a ser pioneiros de um mundo onde todos, pessoas e povos, saibam adotar-se reciprocamente\u201d, disse <strong>Giuseppe Milan<\/strong>, professor de pedagogia intercultural na Universidade de P\u00e1dua, que evidenciou a import\u00e2ncia da rede entre fam\u00edlias \u201cque facilita o contato-encontro e o acompanhamento educativo, e pode abrir uma via de salva\u00e7\u00e3o para o <em>acrobata sem rede<\/em>: a crian\u00e7a adotada\u201d.  Segundo o professor <strong>Alberto Lo Presti<\/strong>, \u00e9 necess\u00e1rio retomar o conceito de bem comum, um valor que se perdeu na sociedade moderna e que \u201cpoder\u00e1 realizar-se fazendo levedar o que \u00e9 comum, at\u00e9 incluir cada homem\u201d.  <img alt=\"\" alt=\"\" loading=\"lazy\" decoding=\"async\" class=\"alignleft size-top_mini wp-image-39540\" style=\"margin-right: 10px;border: 0pt none\" src=\"https:\/\/www.focolare.org\/wp-content\/uploads\/2011\/06\/20110618-01-188x123.jpg\" alt=\"\" width=\"188\" height=\"123\" \/><strong>\u201cContrariamente ao que ocorria anos atr\u00e1s, a ado\u00e7\u00e3o hoje coloca-se numa sociedade multicultural de fato<\/strong>, onde a imigra\u00e7\u00e3o torna-se cada vez mais est\u00e1vel. Todavia, tal realidade \u00e9 acompanhada por anseios e preocupa\u00e7\u00f5es que atingem tamb\u00e9m os casais adotantes\u201d, disse a professora <strong>Milena Santerini<\/strong>, docente de Pedagogia social e intercultural, na Universidade Cat\u00f3lica de Mil\u00e3o, e dirigente da entidade autorizada para as ado\u00e7\u00f5es internacionais, ACAP-Santo Eg\u00eddio. \u201cOs pais sens\u00edveis devem pensar na crian\u00e7a adotada, que vem de uma outra cultura&#8230; como uma pessoa em crescimento, com algumas caracter\u00edsticas inatas, experi\u00eancias variadas, feitas ainda nos primeiros meses ou anos, mas principalmente aberta \u00e0 mudan\u00e7a e \u00e0s influ\u00eancias externas\u201d.  <strong>\u201cO nosso caminho de ado\u00e7\u00e3o come\u00e7ou num momento em que a nossa vida era muito rica de experi\u00eancias e orientada ao social\u201d<\/strong>. Rita e Mario Navarrete s\u00e3o uma fam\u00edlia multi\u00e9tnica: a filha, do Vietn\u00e3, adotada com 6 anos de idade, ele da Am\u00e9rica Latina e ela europeia. \u201cO impacto com Yngat n\u00e3o foi leve&#8230; cada um de n\u00f3s teve que superar obst\u00e1culos interiores que nem imaginava possuir, e este trabalho constante nos amadureceu como pessoas. Claro, pedimos tamb\u00e9m ajuda nos momentos mais delicados, dirigindo-nos aos servi\u00e7os p\u00fablicos e frequentando grupos de fam\u00edlias com as quais partilh\u00e1vamos experi\u00eancias de vida. Um caminho que continua\u201d.  <strong>O desafio da ado\u00e7\u00e3o \u00e9 complexo tanto quanto fascinante. Exige estar abertos \u00e0 humanidade e dispostos a ir al\u00e9m das pr\u00f3prias expectativas. <\/strong>\u00c9 preciso acolher a crian\u00e7a assim como ela \u00e9, perdendo os pr\u00f3prios esquemas de refer\u00eancia cultural e comportamental, a fim de que possa iniciar o interc\u00e2mbio de dons entre pais e filhos, na constru\u00e7\u00e3o de uma perten\u00e7a comum, dentro da complexa rede familiar e social.<\/p>\n","protected":false},"excerpt":{"rendered":"<p>Experi\u00eancias e reflex\u00f5es sobre itiner\u00e1rios interculturais na ado\u00e7\u00e3o internacional, vindas \u00e0 tona durante o terceiro congresso promovido por \u201cA\u00e7\u00f5es Fam\u00edlias Novas\u201d, dias 11 e 12 de junho de 2011.<\/p>\n","protected":false},"author":34,"featured_media":0,"comment_status":"open","ping_status":"open","sticky":false,"template":"","format":"standard","meta":{"give_campaign_id":0,"_seopress_robots_primary_cat":"","_seopress_titles_title":"","_seopress_titles_desc":"","_seopress_robots_index":"","_et_pb_use_builder":"","_et_pb_old_content":"","_et_gb_content_width":"","footnotes":""},"categories":[129],"tags":[],"class_list":["post-301058","post","type-post","status-publish","format-standard","hentry","category-sem-categoria"],"_links":{"self":[{"href":"https:\/\/www.focolare.org\/pt-pt\/wp-json\/wp\/v2\/posts\/301058","targetHints":{"allow":["GET"]}}],"collection":[{"href":"https:\/\/www.focolare.org\/pt-pt\/wp-json\/wp\/v2\/posts"}],"about":[{"href":"https:\/\/www.focolare.org\/pt-pt\/wp-json\/wp\/v2\/types\/post"}],"author":[{"embeddable":true,"href":"https:\/\/www.focolare.org\/pt-pt\/wp-json\/wp\/v2\/users\/34"}],"replies":[{"embeddable":true,"href":"https:\/\/www.focolare.org\/pt-pt\/wp-json\/wp\/v2\/comments?post=301058"}],"version-history":[{"count":0,"href":"https:\/\/www.focolare.org\/pt-pt\/wp-json\/wp\/v2\/posts\/301058\/revisions"}],"wp:attachment":[{"href":"https:\/\/www.focolare.org\/pt-pt\/wp-json\/wp\/v2\/media?parent=301058"}],"wp:term":[{"taxonomy":"category","embeddable":true,"href":"https:\/\/www.focolare.org\/pt-pt\/wp-json\/wp\/v2\/categories?post=301058"},{"taxonomy":"post_tag","embeddable":true,"href":"https:\/\/www.focolare.org\/pt-pt\/wp-json\/wp\/v2\/tags?post=301058"}],"curies":[{"name":"wp","href":"https:\/\/api.w.org\/{rel}","templated":true}]}}