{"id":301068,"date":"2011-06-28T08:18:12","date_gmt":"2011-06-28T06:18:12","guid":{"rendered":"https:\/\/www.focolare.org\/uma-politica-para-o-povo\/"},"modified":"2024-05-13T21:14:03","modified_gmt":"2024-05-13T19:14:03","slug":"uma-politica-para-o-povo","status":"publish","type":"post","link":"https:\/\/www.focolare.org\/pt-pt\/uma-politica-para-o-povo\/","title":{"rendered":"Uma pol\u00edtica para o povo"},"content":{"rendered":"<p>\u00ab<strong>A pol\u00edtica \u00e9 feita para o povo e n\u00e3o o povo para a pol\u00edtica. Esta \u00e9 um meio, n\u00e3o um fim. Antes a moral, o homem, a coletividade, depois o partido, depois as plataformas do programa, depois as teorias de governo.<\/strong> A pol\u00edtica \u00e9 \u2013 no mais digno sentido crist\u00e3o \u2013 uma serva, e n\u00e3o deve se tornar patroa, n\u00e3o ser abuso, nem dom\u00ednio, e nem mesmo dogma. Nisso consiste a sua fun\u00e7\u00e3o e a sua dignidade: ser servi\u00e7o social, caridade em ato; a primeira forma da caridade de p\u00e1tria. [&#8230;] Chega aos jornais o eco do <strong>difundido sentimento de descontentamento, pelos partidos e pela pol\u00edtica. Sabemos algo disso n\u00f3s tamb\u00e9m, escutando o que dizem e lendo o que escrevem. A muitos parece que a pol\u00edtica \u00e9 uma atividade inferior e equ\u00edvoca, que deve ser deixada aos lobistas. E n\u00e3o entendem que se os honestos se afastam da pol\u00edtica o seu campo \u00e9 invadido pelos desonestos<\/strong>; e a pol\u00edtica arrasta consigo toda a nossa vida, f\u00edsica e moral. E uma pol\u00edtica feita por desonestos leva \u00e0 guerra, \u00e0 instabilidade financeira, \u00e0 ru\u00edna da riqueza p\u00fablica e privada, \u00e0 imoralidade, ao desprezo pela religi\u00e3o, \u00e0 manipula\u00e7\u00e3o das fam\u00edlias&#8230;<strong> enfim, se a pol\u00edtica \u00e9 suja deve ser lavada, n\u00e3o desertada<\/strong>. [&#8230;] Ora, do tr\u00e1fico de carne humana, consequ\u00eancia do tr\u00e1fico da dignidade humana, n\u00e3o nos libertamos se <strong>cada um<\/strong> n\u00e3o recupera a consci\u00eancia do pr\u00f3prio valor \u2013 do seu exterminado valor \u2013 e est\u00e1 na pol\u00edtica com ele, decidido a n\u00e3o se deixar traficar nem absorver, mas a <strong>agir com a pr\u00f3pria cabe\u00e7a, com a pr\u00f3pria personalidade, defendendo as pr\u00f3prias raz\u00f5es morais<\/strong>. Ao defend\u00ea-las defende tamb\u00e9m suas raz\u00f5es profissionais, as mesmas raz\u00f5es fiscais \u2013 que o fisco excessivo nasce onde n\u00e3o se v\u00ea mais o homem a ser ajudado, mas o mam\u00edfero a ser saciado. <strong>\u00c9 preciso estar na pol\u00edtica como cidad\u00e3os e n\u00e3o como servos<\/strong>. De tal posi\u00e7\u00e3o nasce a democracia. Aquela consci\u00eancia dos pr\u00f3prios valores poderia transformar-se em soberba, ou seja, revirar-se como um est\u00edmulo antissocial de explora\u00e7\u00e3o e de dom\u00ednio, poderia inverter-se. Por este motivo, num lugar primordial entre aqueles valores, deveria ser colocada a caridade, que \u00e9 o sentimento da obriga\u00e7\u00e3o de servi\u00e7o aos pr\u00f3prios irm\u00e3os. Sem ela todo valor perde valor, cada conquista se transforma em servid\u00e3o, <strong>e se perde tempo<\/strong>\u00bb. <a href=\"https:\/\/www.focolare.org\/pt\/chiara-lubich\/chi-e-chiara\/igino-giordani\/\" target=\"_blank\" rel=\"noopener\"><strong>Igino Giordani<\/strong><\/a> Retirado de: \u201cA revolta moral\u201d, 1945. <a href=\"http:\/\/www.iginogiordani.info\/\" target=\"_blank\" rel=\"noopener\">www.iginogiordani.info<\/a><\/p>\n","protected":false},"excerpt":{"rendered":"<p>Este texto, escrito em 1945 e citado v\u00e1rias vezes durante o encontro \u201cIgino Giordani: de Montecit\u00f3rio ao mundo\u201d, \u00e9 mais atual do que nunca, e capaz de lan\u00e7ar luzes sobre as dificuldades de hoje.<\/p>\n","protected":false},"author":34,"featured_media":0,"comment_status":"open","ping_status":"open","sticky":false,"template":"","format":"standard","meta":{"give_campaign_id":0,"_seopress_robots_primary_cat":"","_seopress_titles_title":"","_seopress_titles_desc":"","_seopress_robots_index":"","_et_pb_use_builder":"","_et_pb_old_content":"","_et_gb_content_width":"","footnotes":""},"categories":[909],"tags":[],"class_list":["post-301068","post","type-post","status-publish","format-standard","hentry","category-focolare-worldwide-2-4"],"_links":{"self":[{"href":"https:\/\/www.focolare.org\/pt-pt\/wp-json\/wp\/v2\/posts\/301068","targetHints":{"allow":["GET"]}}],"collection":[{"href":"https:\/\/www.focolare.org\/pt-pt\/wp-json\/wp\/v2\/posts"}],"about":[{"href":"https:\/\/www.focolare.org\/pt-pt\/wp-json\/wp\/v2\/types\/post"}],"author":[{"embeddable":true,"href":"https:\/\/www.focolare.org\/pt-pt\/wp-json\/wp\/v2\/users\/34"}],"replies":[{"embeddable":true,"href":"https:\/\/www.focolare.org\/pt-pt\/wp-json\/wp\/v2\/comments?post=301068"}],"version-history":[{"count":0,"href":"https:\/\/www.focolare.org\/pt-pt\/wp-json\/wp\/v2\/posts\/301068\/revisions"}],"wp:attachment":[{"href":"https:\/\/www.focolare.org\/pt-pt\/wp-json\/wp\/v2\/media?parent=301068"}],"wp:term":[{"taxonomy":"category","embeddable":true,"href":"https:\/\/www.focolare.org\/pt-pt\/wp-json\/wp\/v2\/categories?post=301068"},{"taxonomy":"post_tag","embeddable":true,"href":"https:\/\/www.focolare.org\/pt-pt\/wp-json\/wp\/v2\/tags?post=301068"}],"curies":[{"name":"wp","href":"https:\/\/api.w.org\/{rel}","templated":true}]}}